{"id": 1248681189944287233, "geo": null, "lang": "es", "text": "RT @jguaido: La Subcomisi\u00f3n de DDHH del Europarlamento denuncia la persecuci\u00f3n de la dictadura contra Diputados, l\u00edderes pol\u00edticos y nuestr\u2026", "user": {"id": 39176902, "url": "https://www.facebook.com/JGuaido/", "lang": null, "name": "Juan Guaid\u00f3", "id_str": "39176902", "location": "Vargas", "verified": true, "following": null, "protected": false, "time_zone": null, "created_at": "Mon May 11 02:59:20 +0000 2009", "utc_offset": null, "description": "Servidor P\u00fablico, Presidente (E) de la Rep\u00fablica Bolivariana de Venezuela y la @AsambleaVe, apegado a los Art. 233/333 CRBV. Ingeniero. En todo amar y servir", "geo_enabled": true, "screen_name": "jguaido", "listed_count": 3364, "friends_count": 2728, "is_translator": false, "notifications": null, "statuses_count": 43358, "default_profile": true, "followers_count": 2499088, "translator_type": "none", "favourites_count": 13807, "profile_image_url": "http://pbs.twimg.com/profile_images/1084274289090744320/M10oqLPc_normal.jpg", "profile_banner_url": "https://pbs.twimg.com/profile_banners/39176902/1548778007", "profile_link_color": "1DA1F2", "profile_text_color": "333333", "follow_request_sent": null, "contributors_enabled": false, "default_profile_image": false, "profile_background_tile": false, "profile_image_url_https": "https://pbs.twimg.com/profile_images/1084274289090744320/M10oqLPc_normal.jpg", "profile_background_color": "C0DEED", "profile_sidebar_fill_color": "DDEEF6", "profile_background_image_url": "http://abs.twimg.com/images/themes/theme1/bg.png", "profile_sidebar_border_color": "C0DEED", "profile_use_background_image": true, "profile_background_image_url_https": "https://abs.twimg.com/images/themes/theme1/bg.png"}, "place": null, "id_str": "1248681189944287233", "source": "<a href=\"http://twitter.com/download/iphone\" rel=\"nofollow\">Twitter for iPhone</a>", "entities": {"urls": [], "symbols": [], "hashtags": [], "user_mentions": [{"id": 39176902, "name": "Juan Guaid\u00f3", "id_str": "39176902", "indices": [3, 11], "screen_name": "jguaido"}]}, "favorited": false, "retweeted": false, "truncated": false, "created_at": "Fri Apr 10 18:36:09 +0000 2020", "coordinates": null, "quote_count": 0, "reply_count": 0, "contributors": null, "filter_level": "low", "timestamp_ms": "1586543769714", "quoted_status": {"id": 1247874814297231360, "geo": null, "lang": "en", "text": "\ud83c\udd95 Statement by @EP_HumanRights Chair @Mariearenaps on the situation in #Venezuela \ud83c\uddfb\ud83c\uddea: \"I am deeply concerned about\u2026 https://t.co/tinhnDOT9j", "user": {"id": 1227524245, "url": "http://www.europarl.europa.eu/committees/en/droi/home.html", "lang": null, "name": "DROI Committee Press", "id_str": "1227524245", "location": "Brussels/Strasbourg", "verified": true, "following": null, "protected": false, "time_zone": null, "created_at": "Thu Feb 28 13:08:05 +0000 2013", "utc_offset": null, "description": "European Parliament Subcommittee on Human Rights. Managed by Viktor Almqvist. RTs \u2260 endorsement.", "geo_enabled": true, "screen_name": "EP_HumanRights", "listed_count": 346, "friends_count": 754, "is_translator": false, "notifications": null, "statuses_count": 2078, "default_profile": false, "followers_count": 9635, "translator_type": "none", "favourites_count": 477, "profile_image_url": "http://pbs.twimg.com/profile_images/878206500405227520/6ru2zJLD_normal.jpg", "profile_banner_url": "https://pbs.twimg.com/profile_banners/1227524245/1586161565", "profile_link_color": "0084B4", "profile_text_color": "333333", "follow_request_sent": null, "contributors_enabled": false, "default_profile_image": false, "profile_background_tile": false, "profile_image_url_https": "https://pbs.twimg.com/profile_images/878206500405227520/6ru2zJLD_normal.jpg", "profile_background_color": "022330", "profile_sidebar_fill_color": "C0DFEC", "profile_background_image_url": "http://abs.twimg.com/images/themes/theme15/bg.png", "profile_sidebar_border_color": "A8C7F7", "profile_use_background_image": true, "profile_background_image_url_https": "https://abs.twimg.com/images/themes/theme15/bg.png"}, "place": null, "id_str": "1247874814297231360", "source": "<a href=\"https://mobile.twitter.com\" rel=\"nofollow\">Twitter Web App</a>", "entities": {"urls": [{"url": "https://t.co/tinhnDOT9j", "indices": [116, 139], "display_url": "twitter.com/i/web/status/1\u2026", "expanded_url": "https://twitter.com/i/web/status/1247874814297231360"}], "symbols": [], "hashtags": [{"text": "Venezuela", "indices": [71, 81]}], "user_mentions": [{"id": 1227524245, "name": "DROI Committee Press", "id_str": "1227524245", "indices": [15, 30], "screen_name": "EP_HumanRights"}, {"id": 143828745, "name": "Marie Arena", "id_str": "143828745", "indices": [37, 50], "screen_name": "Mariearenaps"}]}, "favorited": false, "retweeted": false, "truncated": true, "created_at": "Wed Apr 08 13:11:54 +0000 2020", "coordinates": null, "quote_count": 5, "reply_count": 4, "contributors": null, "filter_level": "low", "retweet_count": 19, "extended_tweet": {"entities": {"urls": [], "symbols": [], "hashtags": [{"text": "Venezuela", "indices": [71, 81]}], "user_mentions": [{"id": 1227524245, "name": "DROI Committee Press", "id_str": "1227524245", "indices": [15, 30], "screen_name": "EP_HumanRights"}, {"id": 143828745, "name": "Marie Arena", "id_str": "143828745", "indices": [37, 50], "screen_name": "Mariearenaps"}]}, "full_text": "\ud83c\udd95 Statement by @EP_HumanRights Chair @Mariearenaps on the situation in #Venezuela \ud83c\uddfb\ud83c\uddea: \"I am deeply concerned about the recent arbitrary arrest of members of the Venezuelan opposition, including 3 Spanish citizens.\" 1/2", "display_text_range": [0, 218]}, "favorite_count": 21, "is_quote_status": false, "in_reply_to_user_id": null, "in_reply_to_status_id": null, "in_reply_to_screen_name": null, "in_reply_to_user_id_str": null, "in_reply_to_status_id_str": null}, "retweet_count": 0, "favorite_count": 0, "is_quote_status": true, "quoted_status_id": 1247874814297231360, "retweeted_status": {"id": 1248662123552661504, "geo": null, "lang": "es", "text": "La Subcomisi\u00f3n de DDHH del Europarlamento denuncia la persecuci\u00f3n de la dictadura contra Diputados, l\u00edderes pol\u00edtic\u2026 https://t.co/AqgdOzw5Bq", "user": {"id": 39176902, "url": "https://www.facebook.com/JGuaido/", "lang": null, "name": "Juan Guaid\u00f3", "id_str": "39176902", "location": "Vargas", "verified": true, "following": null, "protected": false, "time_zone": null, "created_at": "Mon May 11 02:59:20 +0000 2009", "utc_offset": null, "description": "Servidor P\u00fablico, Presidente (E) de la Rep\u00fablica Bolivariana de Venezuela y la @AsambleaVe, apegado a los Art. 233/333 CRBV. Ingeniero. En todo amar y servir", "geo_enabled": true, "screen_name": "jguaido", "listed_count": 3364, "friends_count": 2728, "is_translator": false, "notifications": null, "statuses_count": 43357, "default_profile": true, "followers_count": 2499088, "translator_type": "none", "favourites_count": 13807, "profile_image_url": "http://pbs.twimg.com/profile_images/1084274289090744320/M10oqLPc_normal.jpg", "profile_banner_url": "https://pbs.twimg.com/profile_banners/39176902/1548778007", "profile_link_color": "1DA1F2", "profile_text_color": "333333", "follow_request_sent": null, "contributors_enabled": false, "default_profile_image": false, "profile_background_tile": false, "profile_image_url_https": "https://pbs.twimg.com/profile_images/1084274289090744320/M10oqLPc_normal.jpg", "profile_background_color": "C0DEED", "profile_sidebar_fill_color": "DDEEF6", "profile_background_image_url": "http://abs.twimg.com/images/themes/theme1/bg.png", "profile_sidebar_border_color": "C0DEED", "profile_use_background_image": true, "profile_background_image_url_https": "https://abs.twimg.com/images/themes/theme1/bg.png"}, "place": null, "id_str": "1248662123552661504", "source": "<a href=\"http://twitter.com/download/iphone\" rel=\"nofollow\">Twitter for iPhone</a>", "entities": {"urls": [{"url": "https://t.co/AqgdOzw5Bq", "indices": [117, 140], "display_url": "twitter.com/i/web/status/1\u2026", "expanded_url": "https://twitter.com/i/web/status/1248662123552661504"}], "symbols": [], "hashtags": [], "user_mentions": []}, "favorited": false, "retweeted": false, "truncated": true, "created_at": "Fri Apr 10 17:20:23 +0000 2020", "coordinates": null, "quote_count": 15, "reply_count": 62, "contributors": null, "filter_level": "low", "quoted_status": {"id": 1247874814297231360, "geo": null, "lang": "en", "text": "\ud83c\udd95 Statement by @EP_HumanRights Chair @Mariearenaps on the situation in #Venezuela \ud83c\uddfb\ud83c\uddea: \"I am deeply concerned about\u2026 https://t.co/tinhnDOT9j", "user": {"id": 1227524245, "url": "http://www.europarl.europa.eu/committees/en/droi/home.html", "lang": null, "name": "DROI Committee Press", "id_str": "1227524245", "location": "Brussels/Strasbourg", "verified": true, "following": null, "protected": false, "time_zone": null, "created_at": "Thu Feb 28 13:08:05 +0000 2013", "utc_offset": null, "description": "European Parliament Subcommittee on Human Rights. Managed by Viktor Almqvist. RTs \u2260 endorsement.", "geo_enabled": true, "screen_name": "EP_HumanRights", "listed_count": 346, "friends_count": 754, "is_translator": false, "notifications": null, "statuses_count": 2078, "default_profile": false, "followers_count": 9635, "translator_type": "none", "favourites_count": 477, "profile_image_url": "http://pbs.twimg.com/profile_images/878206500405227520/6ru2zJLD_normal.jpg", "profile_banner_url": "https://pbs.twimg.com/profile_banners/1227524245/1586161565", "profile_link_color": "0084B4", "profile_text_color": "333333", "follow_request_sent": null, "contributors_enabled": false, "default_profile_image": false, "profile_background_tile": false, "profile_image_url_https": "https://pbs.twimg.com/profile_images/878206500405227520/6ru2zJLD_normal.jpg", "profile_background_color": "022330", "profile_sidebar_fill_color": "C0DFEC", "profile_background_image_url": "http://abs.twimg.com/images/themes/theme15/bg.png", "profile_sidebar_border_color": "A8C7F7", "profile_use_background_image": true, "profile_background_image_url_https": "https://abs.twimg.com/images/themes/theme15/bg.png"}, "place": null, "id_str": "1247874814297231360", "source": "<a href=\"https://mobile.twitter.com\" rel=\"nofollow\">Twitter Web App</a>", "entities": {"urls": [{"url": "https://t.co/tinhnDOT9j", "indices": [116, 139], "display_url": "twitter.com/i/web/status/1\u2026", "expanded_url": "https://twitter.com/i/web/status/1247874814297231360"}], "symbols": [], "hashtags": [{"text": "Venezuela", "indices": [71, 81]}], "user_mentions": [{"id": 1227524245, "name": "DROI Committee Press", "id_str": "1227524245", "indices": [15, 30], "screen_name": "EP_HumanRights"}, {"id": 143828745, "name": "Marie Arena", "id_str": "143828745", "indices": [37, 50], "screen_name": "Mariearenaps"}]}, "favorited": false, "retweeted": false, "truncated": true, "created_at": "Wed Apr 08 13:11:54 +0000 2020", "coordinates": null, "quote_count": 5, "reply_count": 4, "contributors": null, "filter_level": "low", "retweet_count": 19, "extended_tweet": {"entities": {"urls": [], "symbols": [], "hashtags": [{"text": "Venezuela", "indices": [71, 81]}], "user_mentions": [{"id": 1227524245, "name": "DROI Committee Press", "id_str": "1227524245", "indices": [15, 30], "screen_name": "EP_HumanRights"}, {"id": 143828745, "name": "Marie Arena", "id_str": "143828745", "indices": [37, 50], "screen_name": "Mariearenaps"}]}, "full_text": "\ud83c\udd95 Statement by @EP_HumanRights Chair @Mariearenaps on the situation in #Venezuela \ud83c\uddfb\ud83c\uddea: \"I am deeply concerned about the recent arbitrary arrest of members of the Venezuelan opposition, including 3 Spanish citizens.\" 1/2", "display_text_range": [0, 218]}, "favorite_count": 21, "is_quote_status": false, "in_reply_to_user_id": null, "in_reply_to_status_id": null, "in_reply_to_screen_name": null, "in_reply_to_user_id_str": null, "in_reply_to_status_id_str": null}, "retweet_count": 390, "extended_tweet": {"entities": {"urls": [], "symbols": [], "hashtags": [], "user_mentions": [{"id": 708137757164457984, "name": "EP Human Rights", "id_str": "708137757164457984", "indices": [263, 279], "screen_name": "EP_Human_Rights"}]}, "full_text": "La Subcomisi\u00f3n de DDHH del Europarlamento denuncia la persecuci\u00f3n de la dictadura contra Diputados, l\u00edderes pol\u00edticos y nuestro entorno.\n\nEsto es lo que obtienen quienes hostigan a luchadores por la libertad: el repudio mundial.\n\nGracias por el apoyo a Venezuela @EP_Human_Rights.", "display_text_range": [0, 280]}, "favorite_count": 505, "is_quote_status": true, "quoted_status_id": 1247874814297231360, "in_reply_to_user_id": null, "quoted_status_id_str": "1247874814297231360", "in_reply_to_status_id": null, "in_reply_to_screen_name": null, "in_reply_to_user_id_str": null, "quoted_status_permalink": {"url": "https://t.co/IO0s7tu0X0", "display": "twitter.com/ep_humanrights\u2026", "expanded": "https://twitter.com/ep_humanrights/status/1247874814297231360"}, "in_reply_to_status_id_str": null}, "in_reply_to_user_id": null, "quoted_status_id_str": "1247874814297231360", "in_reply_to_status_id": null, "in_reply_to_screen_name": null, "in_reply_to_user_id_str": null, "quoted_status_permalink": {"url": "https://t.co/IO0s7tu0X0", "display": "twitter.com/ep_humanrights\u2026", "expanded": "https://twitter.com/ep_humanrights/status/1247874814297231360"}, "in_reply_to_status_id_str": null}