{"id": 1245528477270446080, "geo": null, "lang": "es", "text": "Hoy la gran mayor\u00eda del pa\u00eds que ha tanto ha sacrificado, luchado y trabajado por levantarnos como naci\u00f3n sabe qu\u00e9\u2026 https://t.co/GqQtUKZzTj", "user": {"id": 39176902, "url": "https://www.facebook.com/JGuaido/", "lang": null, "name": "Juan Guaid\u00f3", "id_str": "39176902", "location": "Vargas", "verified": true, "following": null, "protected": false, "time_zone": null, "created_at": "Mon May 11 02:59:20 +0000 2009", "utc_offset": null, "description": "Servidor P\u00fablico, Presidente (E) de la Rep\u00fablica Bolivariana de Venezuela y la @AsambleaVe, apegado a los Art. 233/333 CRBV. Ingeniero. En todo amar y servir", "geo_enabled": true, "screen_name": "jguaido", "listed_count": 3355, "friends_count": 2736, "is_translator": false, "notifications": null, "statuses_count": 43302, "default_profile": true, "followers_count": 2477912, "translator_type": "none", "favourites_count": 13604, "profile_image_url": "http://pbs.twimg.com/profile_images/1084274289090744320/M10oqLPc_normal.jpg", "profile_banner_url": "https://pbs.twimg.com/profile_banners/39176902/1548778007", "profile_link_color": "1DA1F2", "profile_text_color": "333333", "follow_request_sent": null, "contributors_enabled": false, "default_profile_image": false, "profile_background_tile": false, "profile_image_url_https": "https://pbs.twimg.com/profile_images/1084274289090744320/M10oqLPc_normal.jpg", "profile_background_color": "C0DEED", "profile_sidebar_fill_color": "DDEEF6", "profile_background_image_url": "http://abs.twimg.com/images/themes/theme1/bg.png", "profile_sidebar_border_color": "C0DEED", "profile_use_background_image": true, "profile_background_image_url_https": "https://abs.twimg.com/images/themes/theme1/bg.png"}, "place": null, "id_str": "1245528477270446080", "source": "<a href=\"http://twitter.com/download/iphone\" rel=\"nofollow\">Twitter for iPhone</a>", "entities": {"urls": [{"url": "https://t.co/GqQtUKZzTj", "indices": [116, 139], "display_url": "twitter.com/i/web/status/1\u2026", "expanded_url": "https://twitter.com/i/web/status/1245528477270446080"}], "symbols": [], "hashtags": [], "user_mentions": []}, "favorited": false, "retweeted": false, "truncated": true, "created_at": "Thu Apr 02 01:48:24 +0000 2020", "coordinates": null, "quote_count": 0, "reply_count": 0, "contributors": null, "filter_level": "low", "timestamp_ms": "1585792104438", "retweet_count": 0, "extended_tweet": {"entities": {"urls": [], "symbols": [], "hashtags": [], "user_mentions": []}, "full_text": "Hoy la gran mayor\u00eda del pa\u00eds que ha tanto ha sacrificado, luchado y trabajado por levantarnos como naci\u00f3n sabe qu\u00e9 hay razones para seguir adelante\nEn cambio quienes est\u00e1n imputados por narcotrafico tienen razones para el insomnio por la cobard\u00eda de no asumir su responsabilidad", "display_text_range": [0, 278]}, "favorite_count": 0, "is_quote_status": false, "in_reply_to_user_id": 39176902, "in_reply_to_status_id": 1245526461299163137, "in_reply_to_screen_name": "jguaido", "in_reply_to_user_id_str": "39176902", "in_reply_to_status_id_str": "1245526461299163137"}