{"id": 1234171271279251459, "geo": null, "lang": "es", "text": "RT @MAECgob: #Comunicado: El gobierno de #Espa\u00f1a condena rotundamente el ataque que habr\u00eda sido perpetrado por \u201ccolectivos\u201d contra la manif\u2026", "user": {"id": 39176902, "url": "https://t.co/hZCEqTR5cj", "lang": null, "name": "Juan Guaid\u00f3", "id_str": "39176902", "entities": {"url": {"urls": [{"url": "https://t.co/hZCEqTR5cj", "indices": [0, 23], "display_url": "facebook.com/JGuaido/", "expanded_url": "https://www.facebook.com/JGuaido/"}]}, "description": {"urls": []}}, "location": "Vargas", "verified": true, "following": true, "protected": false, "time_zone": null, "created_at": "Mon May 11 02:59:20 +0000 2009", "utc_offset": null, "description": "Servidor P\u00fablico, Presidente (E) de la Rep\u00fablica Bolivariana de Venezuela y la @AsambleaVe, apegado a los Art. 233/333 CRBV. Ingeniero. En todo amar y servir", "geo_enabled": true, "screen_name": "jguaido", "listed_count": 3352, "friends_count": 2734, "is_translator": false, "notifications": false, "statuses_count": 43262, "default_profile": true, "followers_count": 2464885, "translator_type": "none", "favourites_count": 13438, "profile_image_url": "http://pbs.twimg.com/profile_images/1084274289090744320/M10oqLPc_normal.jpg", "profile_banner_url": "https://pbs.twimg.com/profile_banners/39176902/1548778007", "profile_link_color": "1DA1F2", "profile_text_color": "333333", "follow_request_sent": false, "contributors_enabled": false, "has_extended_profile": true, "default_profile_image": false, "is_translation_enabled": false, "profile_background_tile": false, "profile_image_url_https": "https://pbs.twimg.com/profile_images/1084274289090744320/M10oqLPc_normal.jpg", "profile_background_color": "C0DEED", "profile_sidebar_fill_color": "DDEEF6", "profile_background_image_url": "http://abs.twimg.com/images/themes/theme1/bg.png", "profile_sidebar_border_color": "C0DEED", "profile_use_background_image": true, "profile_background_image_url_https": "https://abs.twimg.com/images/themes/theme1/bg.png"}, "place": null, "id_str": "1234171271279251459", "source": "<a href=\"http://twitter.com/download/iphone\" rel=\"nofollow\">Twitter for iPhone</a>", "entities": {"urls": [], "symbols": [], "hashtags": [{"text": "Comunicado", "indices": [13, 24]}, {"text": "Espa\u00f1a", "indices": [41, 48]}], "user_mentions": [{"id": 522128259, "name": "Exteriores", "id_str": "522128259", "indices": [3, 11], "screen_name": "MAECgob"}]}, "favorited": false, "retweeted": false, "truncated": false, "created_at": "Sun Mar 01 17:38:55 +0000 2020", "coordinates": null, "contributors": null, "retweet_count": 663, "favorite_count": 0, "is_quote_status": false, "retweeted_status": {"id": 1234124852216373249, "geo": null, "lang": "es", "text": "#Comunicado: El gobierno de #Espa\u00f1a condena rotundamente el ataque que habr\u00eda sido perpetrado por \u201ccolectivos\u201d cont\u2026 https://t.co/bPzKrq5fnH", "user": {"id": 522128259, "url": "https://t.co/SfurK0GXpp", "lang": null, "name": "Exteriores", "id_str": "522128259", "entities": {"url": {"urls": [{"url": "https://t.co/SfurK0GXpp", "indices": [0, 23], "display_url": "exteriores.gob.es", "expanded_url": "http://www.exteriores.gob.es"}]}, "description": {"urls": []}}, "location": "Madrid", "verified": true, "following": false, "protected": false, "time_zone": null, "created_at": "Mon Mar 12 10:11:01 +0000 2012", "utc_offset": null, "description": "Bienvenido a la cuenta oficial del Ministerio de Asuntos Exteriores, Uni\u00f3n Europea y Cooperaci\u00f3n de Espa\u00f1a. En ingl\u00e9s en @SpainMFA.", "geo_enabled": false, "screen_name": "MAECgob", "listed_count": 1602, "friends_count": 1758, "is_translator": false, "notifications": false, "statuses_count": 18248, "default_profile": false, "followers_count": 216790, "translator_type": "none", "favourites_count": 12577, "profile_image_url": "http://pbs.twimg.com/profile_images/1236786530368270338/uNoVOr9-_normal.jpg", "profile_banner_url": "https://pbs.twimg.com/profile_banners/522128259/1584287536", "profile_link_color": "050501", "profile_text_color": "333333", "follow_request_sent": false, "contributors_enabled": false, "has_extended_profile": false, "default_profile_image": false, "is_translation_enabled": false, "profile_background_tile": false, "profile_image_url_https": "https://pbs.twimg.com/profile_images/1236786530368270338/uNoVOr9-_normal.jpg", "profile_background_color": "241385", "profile_sidebar_fill_color": "DDEEF6", "profile_background_image_url": "http://abs.twimg.com/images/themes/theme1/bg.png", "profile_sidebar_border_color": "FFFFFF", "profile_use_background_image": true, "profile_background_image_url_https": "https://abs.twimg.com/images/themes/theme1/bg.png"}, "place": null, "id_str": "1234124852216373249", "source": "<a href=\"https://sproutsocial.com\" rel=\"nofollow\">Sprout Social</a>", "entities": {"urls": [{"url": "https://t.co/bPzKrq5fnH", "indices": [117, 140], "display_url": "twitter.com/i/web/status/1\u2026", "expanded_url": "https://twitter.com/i/web/status/1234124852216373249"}], "symbols": [], "hashtags": [{"text": "Comunicado", "indices": [0, 11]}, {"text": "Espa\u00f1a", "indices": [28, 35]}], "user_mentions": []}, "favorited": false, "retweeted": false, "truncated": true, "created_at": "Sun Mar 01 14:34:28 +0000 2020", "coordinates": null, "contributors": null, "retweet_count": 663, "favorite_count": 828, "is_quote_status": false, "possibly_sensitive": false, "in_reply_to_user_id": null, "in_reply_to_status_id": null, "in_reply_to_screen_name": null, "in_reply_to_user_id_str": null, "in_reply_to_status_id_str": null}, "in_reply_to_user_id": null, "in_reply_to_status_id": null, "in_reply_to_screen_name": null, "in_reply_to_user_id_str": null, "in_reply_to_status_id_str": null}