{"id": 1217200222104846337, "geo": null, "lang": "es", "text": "RT @republicagt: #Congreso |  Delegaci\u00f3n de #Guaid\u00f3 asiste a toma de mando del presidente electo Gianmmattei. @jguaido  #CambioDeGobierno #\u2026", "user": {"id": 39176902, "url": "https://t.co/hZCEqTR5cj", "lang": null, "name": "Juan Guaid\u00f3", "id_str": "39176902", "entities": {"url": {"urls": [{"url": "https://t.co/hZCEqTR5cj", "indices": [0, 23], "display_url": "facebook.com/JGuaido/", "expanded_url": "https://www.facebook.com/JGuaido/"}]}, "description": {"urls": []}}, "location": "Vargas", "verified": true, "following": true, "protected": false, "time_zone": null, "created_at": "Mon May 11 02:59:20 +0000 2009", "utc_offset": null, "description": "Servidor P\u00fablico, Presidente (E) de la Rep\u00fablica Bolivariana de Venezuela y la @AsambleaVe, apegado a los Art. 233/333 CRBV. Ingeniero. En todo amar y servir", "geo_enabled": true, "screen_name": "jguaido", "listed_count": 3299, "friends_count": 2703, "is_translator": false, "notifications": false, "statuses_count": 42936, "default_profile": true, "followers_count": 2377733, "translator_type": "none", "favourites_count": 11393, "profile_image_url": "http://pbs.twimg.com/profile_images/1084274289090744320/M10oqLPc_normal.jpg", "profile_banner_url": "https://pbs.twimg.com/profile_banners/39176902/1548778007", "profile_link_color": "1DA1F2", "profile_text_color": "333333", "follow_request_sent": false, "contributors_enabled": false, "has_extended_profile": true, "default_profile_image": false, "is_translation_enabled": false, "profile_background_tile": false, "profile_image_url_https": "https://pbs.twimg.com/profile_images/1084274289090744320/M10oqLPc_normal.jpg", "profile_background_color": "C0DEED", "profile_sidebar_fill_color": "DDEEF6", "profile_background_image_url": "http://abs.twimg.com/images/themes/theme1/bg.png", "profile_sidebar_border_color": "C0DEED", "profile_use_background_image": true, "profile_background_image_url_https": "https://abs.twimg.com/images/themes/theme1/bg.png"}, "place": null, "id_str": "1217200222104846337", "source": "<a href=\"http://twitter.com/download/iphone\" rel=\"nofollow\">Twitter for iPhone</a>", "entities": {"urls": [], "symbols": [], "hashtags": [{"text": "Congreso", "indices": [17, 26]}, {"text": "Guaid\u00f3", "indices": [44, 51]}, {"text": "CambioDeGobierno", "indices": [120, 137]}], "user_mentions": [{"id": 2343910962, "name": "Rep\u00fablica", "id_str": "2343910962", "indices": [3, 15], "screen_name": "republicagt"}, {"id": 39176902, "name": "Juan Guaid\u00f3", "id_str": "39176902", "indices": [110, 118], "screen_name": "jguaido"}]}, "favorited": false, "retweeted": false, "truncated": false, "created_at": "Tue Jan 14 21:42:02 +0000 2020", "coordinates": null, "contributors": null, "retweet_count": 107, "favorite_count": 0, "is_quote_status": false, "retweeted_status": {"id": 1217199346032283655, "geo": null, "lang": "es", "text": "#Congreso |  Delegaci\u00f3n de #Guaid\u00f3 asiste a toma de mando del presidente electo Gianmmattei. @jguaido\u2026 https://t.co/xJd06wi7Fb", "user": {"id": 2343910962, "url": "https://t.co/ktKFjfw2QO", "lang": null, "name": "Rep\u00fablica", "id_str": "2343910962", "entities": {"url": {"urls": [{"url": "https://t.co/ktKFjfw2QO", "indices": [0, 23], "display_url": "republica.gt", "expanded_url": "http://www.republica.gt"}]}, "description": {"urls": []}}, "location": "Guatemala", "verified": true, "following": false, "protected": false, "time_zone": null, "created_at": "Fri Feb 14 17:51:59 +0000 2014", "utc_offset": null, "description": "Noticias, An\u00e1lisis, Opini\u00f3n y Entretenimiento. S\u00edguenos para la mejor cobertura republicana en Guatemala. info@republica.gt", "geo_enabled": true, "screen_name": "republicagt", "listed_count": 179, "friends_count": 7, "is_translator": false, "notifications": false, "statuses_count": 105842, "default_profile": false, "followers_count": 36249, "translator_type": "none", "favourites_count": 4008, "profile_image_url": "http://pbs.twimg.com/profile_images/1113789592271040512/DelnF-9F_normal.png", "profile_banner_url": "https://pbs.twimg.com/profile_banners/2343910962/1579056501", "profile_link_color": "0B8AB8", "profile_text_color": "333333", "follow_request_sent": false, "contributors_enabled": false, "has_extended_profile": true, "default_profile_image": false, "is_translation_enabled": false, "profile_background_tile": false, "profile_image_url_https": "https://pbs.twimg.com/profile_images/1113789592271040512/DelnF-9F_normal.png", "profile_background_color": "FFFFFF", "profile_sidebar_fill_color": "DDEEF6", "profile_background_image_url": "http://abs.twimg.com/images/themes/theme14/bg.gif", "profile_sidebar_border_color": "FFFFFF", "profile_use_background_image": true, "profile_background_image_url_https": "https://abs.twimg.com/images/themes/theme14/bg.gif"}, "place": null, "id_str": "1217199346032283655", "source": "<a href=\"https://about.twitter.com/products/tweetdeck\" rel=\"nofollow\">TweetDeck</a>", "entities": {"urls": [{"url": "https://t.co/xJd06wi7Fb", "indices": [103, 126], "display_url": "twitter.com/i/web/status/1\u2026", "expanded_url": "https://twitter.com/i/web/status/1217199346032283655"}], "symbols": [], "hashtags": [{"text": "Congreso", "indices": [0, 9]}, {"text": "Guaid\u00f3", "indices": [27, 34]}], "user_mentions": [{"id": 39176902, "name": "Juan Guaid\u00f3", "id_str": "39176902", "indices": [93, 101], "screen_name": "jguaido"}]}, "favorited": false, "retweeted": false, "truncated": true, "created_at": "Tue Jan 14 21:38:33 +0000 2020", "coordinates": null, "contributors": null, "retweet_count": 107, "favorite_count": 282, "is_quote_status": false, "possibly_sensitive": false, "in_reply_to_user_id": null, "in_reply_to_status_id": null, "in_reply_to_screen_name": null, "in_reply_to_user_id_str": null, "in_reply_to_status_id_str": null}, "in_reply_to_user_id": null, "in_reply_to_status_id": null, "in_reply_to_screen_name": null, "in_reply_to_user_id_str": null, "in_reply_to_status_id_str": null}