{"id": 1215634196867305474, "geo": null, "lang": "es", "text": "La Uni\u00f3n Europea reafirma su respaldo a la @AsambleaVE y la Presidencia encargada. \n\nCelebramos el compromiso y la\u2026 https://t.co/FPbhvrtayj", "user": {"id": 39176902, "url": "https://www.facebook.com/JGuaido/", "lang": null, "name": "Juan Guaid\u00f3", "id_str": "39176902", "location": "Vargas", "verified": true, "following": null, "protected": false, "time_zone": null, "created_at": "Mon May 11 02:59:20 +0000 2009", "utc_offset": null, "description": "Servidor P\u00fablico, Presidente (E) de la Rep\u00fablica Bolivariana de Venezuela y la @AsambleaVe, apegado a los Art. 233/333 CRBV. Ingeniero. En todo amar y servir", "geo_enabled": true, "screen_name": "jguaido", "listed_count": 3252, "friends_count": 2639, "is_translator": false, "notifications": null, "statuses_count": 42725, "default_profile": true, "followers_count": 2332371, "translator_type": "none", "favourites_count": 10084, "profile_image_url": "http://pbs.twimg.com/profile_images/1084274289090744320/M10oqLPc_normal.jpg", "profile_banner_url": "https://pbs.twimg.com/profile_banners/39176902/1548778007", "profile_link_color": "1DA1F2", "profile_text_color": "333333", "follow_request_sent": null, "contributors_enabled": false, "default_profile_image": false, "profile_background_tile": false, "profile_image_url_https": "https://pbs.twimg.com/profile_images/1084274289090744320/M10oqLPc_normal.jpg", "profile_background_color": "C0DEED", "profile_sidebar_fill_color": "DDEEF6", "profile_background_image_url": "http://abs.twimg.com/images/themes/theme1/bg.png", "profile_sidebar_border_color": "C0DEED", "profile_use_background_image": true, "profile_background_image_url_https": "https://abs.twimg.com/images/themes/theme1/bg.png"}, "place": null, "id_str": "1215634196867305474", "source": "<a href=\"http://twitter.com/download/iphone\" rel=\"nofollow\">Twitter for iPhone</a>", "entities": {"urls": [{"url": "https://t.co/FPbhvrtayj", "indices": [116, 139], "display_url": "twitter.com/i/web/status/1\u2026", "expanded_url": "https://twitter.com/i/web/status/1215634196867305474"}], "symbols": [], "hashtags": [], "user_mentions": [{"id": 4744395743, "name": "Asamblea Nacional", "id_str": "4744395743", "indices": [43, 54], "screen_name": "AsambleaVE"}]}, "favorited": false, "retweeted": false, "truncated": true, "created_at": "Fri Jan 10 13:59:12 +0000 2020", "coordinates": null, "quote_count": 0, "reply_count": 0, "contributors": null, "filter_level": "low", "timestamp_ms": "1578664752581", "quoted_status": {"id": 1215332797927362560, "geo": null, "lang": "es", "text": "#Venezuela: Declaraci\u00f3n del Alto Representante @JosepBorrellF en nombre de la UE sobre los \u00faltimos acontecimientos\u2026 https://t.co/3VYt9hTu7M", "user": {"id": 1111328682, "url": "http://eeas.europa.eu/delegations/venezuela/index_es.htm", "lang": null, "name": "UEenVenezuela", "id_str": "1111328682", "location": "http://goo.gl/maps/pgBYw", "verified": true, "following": null, "protected": false, "time_zone": null, "created_at": "Tue Jan 22 11:52:29 +0000 2013", "utc_offset": null, "description": "Delegaci\u00f3n de la Uni\u00f3n Europea en Venezuela", "geo_enabled": true, "screen_name": "UEenVenezuela", "listed_count": 187, "friends_count": 2766, "is_translator": false, "notifications": null, "statuses_count": 6775, "default_profile": true, "followers_count": 15051, "translator_type": "none", "favourites_count": 3662, "profile_image_url": "http://pbs.twimg.com/profile_images/850417248741330951/gAcS8Trq_normal.jpg", "profile_banner_url": "https://pbs.twimg.com/profile_banners/1111328682/1575551910", "profile_link_color": "1DA1F2", "profile_text_color": "333333", "follow_request_sent": null, "contributors_enabled": false, "default_profile_image": false, "profile_background_tile": false, "profile_image_url_https": "https://pbs.twimg.com/profile_images/850417248741330951/gAcS8Trq_normal.jpg", "profile_background_color": "C0DEED", "profile_sidebar_fill_color": "DDEEF6", "profile_background_image_url": "http://abs.twimg.com/images/themes/theme1/bg.png", "profile_sidebar_border_color": "C0DEED", "profile_use_background_image": true, "profile_background_image_url_https": "https://abs.twimg.com/images/themes/theme1/bg.png"}, "place": null, "id_str": "1215332797927362560", "source": "<a href=\"https://mobile.twitter.com\" rel=\"nofollow\">Twitter Web App</a>", "entities": {"urls": [{"url": "https://t.co/3VYt9hTu7M", "indices": [116, 139], "display_url": "twitter.com/i/web/status/1\u2026", "expanded_url": "https://twitter.com/i/web/status/1215332797927362560"}], "symbols": [], "hashtags": [{"text": "Venezuela", "indices": [0, 10]}], "user_mentions": [{"id": 1003895325025865730, "name": "Josep Borrell Fontelles", "id_str": "1003895325025865730", "indices": [47, 61], "screen_name": "JosepBorrellF"}]}, "favorited": false, "retweeted": false, "truncated": true, "created_at": "Thu Jan 09 18:01:33 +0000 2020", "coordinates": null, "quote_count": 3, "reply_count": 1, "contributors": null, "filter_level": "low", "retweet_count": 20, "extended_tweet": {"entities": {"urls": [{"url": "https://t.co/CCOt1lpjcq", "indices": [169, 192], "display_url": "eeas.europa.eu/delegations/ve\u2026", "expanded_url": "https://eeas.europa.eu/delegations/venezuela/72835/venezuela-declaraci%C3%B3n-del-alto-representante-josep-borrell-en-nombre-de-la-ue-sobre-los_es"}], "symbols": [], "hashtags": [{"text": "Venezuela", "indices": [0, 10]}], "user_mentions": [{"id": 1003895325025865730, "name": "Josep Borrell Fontelles", "id_str": "1003895325025865730", "indices": [47, 61], "screen_name": "JosepBorrellF"}, {"id": 206717989, "name": "EU Council", "id_str": "206717989", "indices": [194, 204], "screen_name": "EUCouncil"}, {"id": 198618575, "name": "EU Council Press", "id_str": "198618575", "indices": [205, 220], "screen_name": "EUCouncilPress"}]}, "full_text": "#Venezuela: Declaraci\u00f3n del Alto Representante @JosepBorrellF en nombre de la UE sobre los \u00faltimos acontecimientos en la Asamblea Nacional (traducci\u00f3n no oficial): \n\n\u27a1\ufe0f https://t.co/CCOt1lpjcq\n\n@EUCouncil @EUCouncilPress", "display_text_range": [0, 220]}, "favorite_count": 14, "is_quote_status": false, "possibly_sensitive": false, "in_reply_to_user_id": null, "in_reply_to_status_id": null, "in_reply_to_screen_name": null, "in_reply_to_user_id_str": null, "in_reply_to_status_id_str": null}, "retweet_count": 0, "extended_tweet": {"entities": {"urls": [], "symbols": [], "hashtags": [], "user_mentions": [{"id": 4744395743, "name": "Asamblea Nacional", "id_str": "4744395743", "indices": [43, 54], "screen_name": "AsambleaVE"}]}, "full_text": "La Uni\u00f3n Europea reafirma su respaldo a la @AsambleaVE y la Presidencia encargada. \n\nCelebramos el compromiso y la solidaridad del mundo con la lucha venezolana.", "display_text_range": [0, 161]}, "favorite_count": 0, "is_quote_status": true, "quoted_status_id": 1215332797927362560, "in_reply_to_user_id": null, "quoted_status_id_str": "1215332797927362560", "in_reply_to_status_id": null, "in_reply_to_screen_name": null, "in_reply_to_user_id_str": null, "quoted_status_permalink": {"url": "https://t.co/bhoQRZggtm", "display": "twitter.com/ueenvenezuela/\u2026", "expanded": "https://twitter.com/ueenvenezuela/status/1215332797927362560"}, "in_reply_to_status_id_str": null}