{"id": 1191366435148369920, "geo": null, "lang": "es", "text": "RT @jguaido: Presidente @nayibbukele El Salvador es y seguir\u00e1 siendo un pa\u00eds hermano de Venezuela\n\nGoza usted de la admiraci\u00f3n de nuestra g\u2026", "user": {"id": 39176902, "url": "https://www.facebook.com/JGuaido/", "lang": null, "name": "Juan Guaid\u00f3", "id_str": "39176902", "location": "Vargas", "verified": true, "following": null, "protected": false, "time_zone": null, "created_at": "Mon May 11 02:59:20 +0000 2009", "utc_offset": null, "description": "Servidor P\u00fablico, Presidente (E) de la Rep\u00fablica Bolivariana de Venezuela y la @AsambleaVe, apegado a los Art. 233/333 CRBV. Ingeniero. En todo amar y servir", "geo_enabled": true, "screen_name": "jguaido", "listed_count": 3168, "friends_count": 2625, "is_translator": false, "notifications": null, "statuses_count": 42429, "default_profile": true, "followers_count": 2247542, "translator_type": "none", "favourites_count": 8605, "profile_image_url": "http://pbs.twimg.com/profile_images/1084274289090744320/M10oqLPc_normal.jpg", "profile_banner_url": "https://pbs.twimg.com/profile_banners/39176902/1548778007", "profile_link_color": "1DA1F2", "profile_text_color": "333333", "follow_request_sent": null, "contributors_enabled": false, "default_profile_image": false, "profile_background_tile": false, "profile_image_url_https": "https://pbs.twimg.com/profile_images/1084274289090744320/M10oqLPc_normal.jpg", "profile_background_color": "C0DEED", "profile_sidebar_fill_color": "DDEEF6", "profile_background_image_url": "http://abs.twimg.com/images/themes/theme1/bg.png", "profile_sidebar_border_color": "C0DEED", "profile_use_background_image": true, "profile_background_image_url_https": "https://abs.twimg.com/images/themes/theme1/bg.png"}, "place": null, "id_str": "1191366435148369920", "source": "<a href=\"http://twitter.com/download/iphone\" rel=\"nofollow\">Twitter for iPhone</a>", "entities": {"urls": [], "symbols": [], "hashtags": [], "user_mentions": [{"id": 39176902, "name": "Juan Guaid\u00f3", "id_str": "39176902", "indices": [3, 11], "screen_name": "jguaido"}, {"id": 20736511, "name": "Nayib Bukele", "id_str": "20736511", "indices": [24, 36], "screen_name": "nayibbukele"}]}, "favorited": false, "retweeted": false, "truncated": false, "created_at": "Mon Nov 04 14:47:47 +0000 2019", "coordinates": null, "quote_count": 0, "reply_count": 0, "contributors": null, "filter_level": "low", "timestamp_ms": "1572878867314", "quoted_status": {"id": 1191147731017981952, "geo": null, "lang": "es", "text": "M\u00e1s respeto Sr. @NicolasMaduro, habla de un Presidente electo democr\u00e1ticamente, a diferencia suya.\n\nContrario a ust\u2026 https://t.co/6aC8fkcGIX", "user": {"id": 20736511, "url": "http://www.presidencia.gob.sv", "lang": null, "name": "Nayib Bukele", "id_str": "20736511", "location": "El Salvador", "verified": true, "following": null, "protected": false, "time_zone": null, "created_at": "Fri Feb 13 00:52:07 +0000 2009", "utc_offset": null, "description": "Pap\u00e1 de Layla", "geo_enabled": true, "screen_name": "nayibbukele", "listed_count": 1006, "friends_count": 553, "is_translator": false, "notifications": null, "statuses_count": 49846, "default_profile": false, "followers_count": 1165807, "translator_type": "none", "favourites_count": 16137, "profile_image_url": "http://pbs.twimg.com/profile_images/1153142911367864320/ySXOv7KQ_normal.jpg", "profile_banner_url": "https://pbs.twimg.com/profile_banners/20736511/1526009709", "profile_link_color": "009999", "profile_text_color": "7F7A7A", "follow_request_sent": null, "contributors_enabled": false, "default_profile_image": false, "profile_background_tile": true, "profile_image_url_https": "https://pbs.twimg.com/profile_images/1153142911367864320/ySXOv7KQ_normal.jpg", "profile_background_color": "000000", "profile_sidebar_fill_color": "030303", "profile_background_image_url": "http://abs.twimg.com/images/themes/theme14/bg.gif", "profile_sidebar_border_color": "FFFFFF", "profile_use_background_image": false, "profile_background_image_url_https": "https://abs.twimg.com/images/themes/theme14/bg.gif"}, "place": null, "id_str": "1191147731017981952", "source": "<a href=\"http://twitter.com/download/iphone\" rel=\"nofollow\">Twitter for iPhone</a>", "entities": {"urls": [{"url": "https://t.co/6aC8fkcGIX", "indices": [117, 140], "display_url": "twitter.com/i/web/status/1\u2026", "expanded_url": "https://twitter.com/i/web/status/1191147731017981952"}], "symbols": [], "hashtags": [], "user_mentions": [{"id": 1252764865, "name": "Nicol\u00e1s Maduro", "id_str": "1252764865", "indices": [16, 30], "screen_name": "NicolasMaduro"}]}, "favorited": false, "retweeted": false, "truncated": true, "created_at": "Mon Nov 04 00:18:44 +0000 2019", "coordinates": null, "quote_count": 6529, "reply_count": 7657, "contributors": null, "filter_level": "low", "retweet_count": 33400, "extended_tweet": {"entities": {"urls": [{"url": "https://t.co/JeQqU0u8lK", "indices": [281, 304], "display_url": "twitter.com/vtvcanal8/stat\u2026", "expanded_url": "https://twitter.com/vtvcanal8/status/1191104612901765122"}], "symbols": [], "hashtags": [], "user_mentions": [{"id": 1252764865, "name": "Nicol\u00e1s Maduro", "id_str": "1252764865", "indices": [16, 30], "screen_name": "NicolasMaduro"}]}, "full_text": "M\u00e1s respeto Sr. @NicolasMaduro, habla de un Presidente electo democr\u00e1ticamente, a diferencia suya.\n\nContrario a usted, 9 de cada 10 personas aprueban mi Gobierno.\n\nY En El Salvador, sin estar sobre mares de petr\u00f3leo, un rollo de papel higi\u00e9nico no nos cuesta el salario de un mes. https://t.co/JeQqU0u8lK", "display_text_range": [0, 280]}, "favorite_count": 87754, "is_quote_status": true, "quoted_status_id": 1191104612901765122, "display_text_range": [0, 140], "possibly_sensitive": false, "in_reply_to_user_id": null, "quoted_status_id_str": "1191104612901765122", "in_reply_to_status_id": null, "in_reply_to_screen_name": null, "in_reply_to_user_id_str": null, "in_reply_to_status_id_str": null}, "retweet_count": 0, "favorite_count": 0, "is_quote_status": true, "quoted_status_id": 1191147731017981952, "retweeted_status": {"id": 1191156241206251520, "geo": null, "lang": "es", "text": "Presidente @nayibbukele El Salvador es y seguir\u00e1 siendo un pa\u00eds hermano de Venezuela\n\nGoza usted de la admiraci\u00f3n d\u2026 https://t.co/WK9AAWHiHh", "user": {"id": 39176902, "url": "https://www.facebook.com/JGuaido/", "lang": null, "name": "Juan Guaid\u00f3", "id_str": "39176902", "location": "Vargas", "verified": true, "following": null, "protected": false, "time_zone": null, "created_at": "Mon May 11 02:59:20 +0000 2009", "utc_offset": null, "description": "Servidor P\u00fablico, Presidente (E) de la Rep\u00fablica Bolivariana de Venezuela y la @AsambleaVe, apegado a los Art. 233/333 CRBV. Ingeniero. En todo amar y servir", "geo_enabled": true, "screen_name": "jguaido", "listed_count": 3168, "friends_count": 2625, "is_translator": false, "notifications": null, "statuses_count": 42428, "default_profile": true, "followers_count": 2247542, "translator_type": "none", "favourites_count": 8605, "profile_image_url": "http://pbs.twimg.com/profile_images/1084274289090744320/M10oqLPc_normal.jpg", "profile_banner_url": "https://pbs.twimg.com/profile_banners/39176902/1548778007", "profile_link_color": "1DA1F2", "profile_text_color": "333333", "follow_request_sent": null, "contributors_enabled": false, "default_profile_image": false, "profile_background_tile": false, "profile_image_url_https": "https://pbs.twimg.com/profile_images/1084274289090744320/M10oqLPc_normal.jpg", "profile_background_color": "C0DEED", "profile_sidebar_fill_color": "DDEEF6", "profile_background_image_url": "http://abs.twimg.com/images/themes/theme1/bg.png", "profile_sidebar_border_color": "C0DEED", "profile_use_background_image": true, "profile_background_image_url_https": "https://abs.twimg.com/images/themes/theme1/bg.png"}, "place": null, "id_str": "1191156241206251520", "source": "<a href=\"http://twitter.com/download/iphone\" rel=\"nofollow\">Twitter for iPhone</a>", "entities": {"urls": [{"url": "https://t.co/WK9AAWHiHh", "indices": [117, 140], "display_url": "twitter.com/i/web/status/1\u2026", "expanded_url": "https://twitter.com/i/web/status/1191156241206251520"}], "symbols": [], "hashtags": [], "user_mentions": [{"id": 20736511, "name": "Nayib Bukele", "id_str": "20736511", "indices": [11, 23], "screen_name": "nayibbukele"}]}, "favorited": false, "retweeted": false, "truncated": true, "created_at": "Mon Nov 04 00:52:33 +0000 2019", "coordinates": null, "quote_count": 67, "reply_count": 264, "contributors": null, "filter_level": "low", "quoted_status": {"id": 1191147731017981952, "geo": null, "lang": "es", "text": "M\u00e1s respeto Sr. @NicolasMaduro, habla de un Presidente electo democr\u00e1ticamente, a diferencia suya.\n\nContrario a ust\u2026 https://t.co/6aC8fkcGIX", "user": {"id": 20736511, "url": "http://www.presidencia.gob.sv", "lang": null, "name": "Nayib Bukele", "id_str": "20736511", "location": "El Salvador", "verified": true, "following": null, "protected": false, "time_zone": null, "created_at": "Fri Feb 13 00:52:07 +0000 2009", "utc_offset": null, "description": "Pap\u00e1 de Layla", "geo_enabled": true, "screen_name": "nayibbukele", "listed_count": 1006, "friends_count": 553, "is_translator": false, "notifications": null, "statuses_count": 49846, "default_profile": false, "followers_count": 1165807, "translator_type": "none", "favourites_count": 16137, "profile_image_url": "http://pbs.twimg.com/profile_images/1153142911367864320/ySXOv7KQ_normal.jpg", "profile_banner_url": "https://pbs.twimg.com/profile_banners/20736511/1526009709", "profile_link_color": "009999", "profile_text_color": "7F7A7A", "follow_request_sent": null, "contributors_enabled": false, "default_profile_image": false, "profile_background_tile": true, "profile_image_url_https": "https://pbs.twimg.com/profile_images/1153142911367864320/ySXOv7KQ_normal.jpg", "profile_background_color": "000000", "profile_sidebar_fill_color": "030303", "profile_background_image_url": "http://abs.twimg.com/images/themes/theme14/bg.gif", "profile_sidebar_border_color": "FFFFFF", "profile_use_background_image": false, "profile_background_image_url_https": "https://abs.twimg.com/images/themes/theme14/bg.gif"}, "place": null, "id_str": "1191147731017981952", "source": "<a href=\"http://twitter.com/download/iphone\" rel=\"nofollow\">Twitter for iPhone</a>", "entities": {"urls": [{"url": "https://t.co/6aC8fkcGIX", "indices": [117, 140], "display_url": "twitter.com/i/web/status/1\u2026", "expanded_url": "https://twitter.com/i/web/status/1191147731017981952"}], "symbols": [], "hashtags": [], "user_mentions": [{"id": 1252764865, "name": "Nicol\u00e1s Maduro", "id_str": "1252764865", "indices": [16, 30], "screen_name": "NicolasMaduro"}]}, "favorited": false, "retweeted": false, "truncated": true, "created_at": "Mon Nov 04 00:18:44 +0000 2019", "coordinates": null, "quote_count": 6529, "reply_count": 7657, "contributors": null, "filter_level": "low", "retweet_count": 33400, "extended_tweet": {"entities": {"urls": [{"url": "https://t.co/JeQqU0u8lK", "indices": [281, 304], "display_url": "twitter.com/vtvcanal8/stat\u2026", "expanded_url": "https://twitter.com/vtvcanal8/status/1191104612901765122"}], "symbols": [], "hashtags": [], "user_mentions": [{"id": 1252764865, "name": "Nicol\u00e1s Maduro", "id_str": "1252764865", "indices": [16, 30], "screen_name": "NicolasMaduro"}]}, "full_text": "M\u00e1s respeto Sr. @NicolasMaduro, habla de un Presidente electo democr\u00e1ticamente, a diferencia suya.\n\nContrario a usted, 9 de cada 10 personas aprueban mi Gobierno.\n\nY En El Salvador, sin estar sobre mares de petr\u00f3leo, un rollo de papel higi\u00e9nico no nos cuesta el salario de un mes. https://t.co/JeQqU0u8lK", "display_text_range": [0, 280]}, "favorite_count": 87754, "is_quote_status": true, "quoted_status_id": 1191104612901765122, "display_text_range": [0, 140], "possibly_sensitive": false, "in_reply_to_user_id": null, "quoted_status_id_str": "1191104612901765122", "in_reply_to_status_id": null, "in_reply_to_screen_name": null, "in_reply_to_user_id_str": null, "in_reply_to_status_id_str": null}, "retweet_count": 1500, "extended_tweet": {"entities": {"urls": [{"url": "https://t.co/7EQiDOeJxE", "indices": [281, 304], "display_url": "twitter.com/nayibbukele/st\u2026", "expanded_url": "https://twitter.com/nayibbukele/status/1191147731017981952"}], "symbols": [], "hashtags": [], "user_mentions": [{"id": 20736511, "name": "Nayib Bukele", "id_str": "20736511", "indices": [11, 23], "screen_name": "nayibbukele"}]}, "full_text": "Presidente @nayibbukele El Salvador es y seguir\u00e1 siendo un pa\u00eds hermano de Venezuela\n\nGoza usted de la admiraci\u00f3n de nuestra gente luchadora y es bienvenido en nuestro pa\u00eds\n\nVenezuela est\u00e1 en la lucha por recuperar la libertad y por dem\u00f3cratas como usted sabemos, no estamos solos https://t.co/7EQiDOeJxE", "display_text_range": [0, 280]}, "favorite_count": 3988, "is_quote_status": true, "quoted_status_id": 1191147731017981952, "display_text_range": [0, 140], "possibly_sensitive": false, "in_reply_to_user_id": null, "quoted_status_id_str": "1191147731017981952", "in_reply_to_status_id": null, "in_reply_to_screen_name": null, "in_reply_to_user_id_str": null, "quoted_status_permalink": {"url": "https://t.co/7EQiDOeJxE", "display": "twitter.com/nayibbukele/st\u2026", "expanded": "https://twitter.com/nayibbukele/status/1191147731017981952"}, "in_reply_to_status_id_str": null}, "in_reply_to_user_id": null, "quoted_status_id_str": "1191147731017981952", "in_reply_to_status_id": null, "in_reply_to_screen_name": null, "in_reply_to_user_id_str": null, "quoted_status_permalink": {"url": "https://t.co/7EQiDOeJxE", "display": "twitter.com/nayibbukele/st\u2026", "expanded": "https://twitter.com/nayibbukele/status/1191147731017981952"}, "in_reply_to_status_id_str": null}