{"id": 1183544353307926528, "geo": null, "lang": "es", "text": "RT @mauriciomacri: La ex presidenta Cristina Fern\u00e1ndez de Kirchner condecor\u00f3 con la Orden de San Mart\u00edn al dictador Maduro, nosotros hemos\u2026", "user": {"id": 39176902, "url": "https://www.facebook.com/JGuaido/", "lang": null, "name": "Juan Guaid\u00f3", "id_str": "39176902", "location": "Vargas", "verified": true, "following": null, "protected": false, "time_zone": null, "created_at": "Mon May 11 02:59:20 +0000 2009", "utc_offset": null, "description": "Servidor P\u00fablico, Presidente (E) de la Rep\u00fablica Bolivariana de Venezuela y la @AsambleaVe, apegado a los Art. 233/333 CRBV. Ingeniero. En todo amar y servir", "geo_enabled": true, "screen_name": "jguaido", "listed_count": 3144, "friends_count": 2622, "is_translator": false, "notifications": null, "statuses_count": 42343, "default_profile": true, "followers_count": 2235614, "translator_type": "none", "favourites_count": 8341, "profile_image_url": "http://pbs.twimg.com/profile_images/1084274289090744320/M10oqLPc_normal.jpg", "profile_banner_url": "https://pbs.twimg.com/profile_banners/39176902/1548778007", "profile_link_color": "1DA1F2", "profile_text_color": "333333", "follow_request_sent": null, "contributors_enabled": false, "default_profile_image": false, "profile_background_tile": false, "profile_image_url_https": "https://pbs.twimg.com/profile_images/1084274289090744320/M10oqLPc_normal.jpg", "profile_background_color": "C0DEED", "profile_sidebar_fill_color": "DDEEF6", "profile_background_image_url": "http://abs.twimg.com/images/themes/theme1/bg.png", "profile_sidebar_border_color": "C0DEED", "profile_use_background_image": true, "profile_background_image_url_https": "https://abs.twimg.com/images/themes/theme1/bg.png"}, "place": null, "id_str": "1183544353307926528", "source": "<a href=\"http://twitter.com/download/iphone\" rel=\"nofollow\">Twitter for iPhone</a>", "entities": {"urls": [], "symbols": [], "hashtags": [], "user_mentions": [{"id": 24900072, "name": "Mauricio Macri", "id_str": "24900072", "indices": [3, 17], "screen_name": "mauriciomacri"}]}, "favorited": false, "retweeted": false, "truncated": false, "created_at": "Mon Oct 14 00:45:37 +0000 2019", "coordinates": null, "quote_count": 0, "reply_count": 0, "contributors": null, "filter_level": "low", "timestamp_ms": "1571013937676", "retweet_count": 0, "favorite_count": 0, "is_quote_status": false, "retweeted_status": {"id": 1183541170087124992, "geo": null, "lang": "es", "text": "La ex presidenta Cristina Fern\u00e1ndez de Kirchner condecor\u00f3 con la Orden de San Mart\u00edn al dictador Maduro, nosotros h\u2026 https://t.co/F0nEyDh5i4", "user": {"id": 24900072, "url": "http://www.mauriciomacri.com.ar/", "lang": null, "name": "Mauricio Macri", "id_str": "24900072", "location": "Buenos Aires, Argentina", "verified": true, "following": null, "protected": false, "time_zone": null, "created_at": "Tue Mar 17 15:42:21 +0000 2009", "utc_offset": null, "description": "Presidente de la Rep\u00fablica Argentina. Miembro fundador de PRO Argentina y Cambiemos. Casado. 4 hijos. Hincha de Boca.", "geo_enabled": true, "screen_name": "mauriciomacri", "listed_count": 8051, "friends_count": 644, "is_translator": false, "notifications": null, "statuses_count": 9911, "default_profile": false, "followers_count": 4963429, "translator_type": "none", "favourites_count": 117, "profile_image_url": "http://pbs.twimg.com/profile_images/653558348273569792/joxg8DZD_normal.png", "profile_banner_url": "https://pbs.twimg.com/profile_banners/24900072/1568942278", "profile_link_color": "0083B3", "profile_text_color": "000000", "follow_request_sent": null, "contributors_enabled": false, "default_profile_image": false, "profile_background_tile": false, "profile_image_url_https": "https://pbs.twimg.com/profile_images/653558348273569792/joxg8DZD_normal.png", "profile_background_color": "000000", "profile_sidebar_fill_color": "CFEDF7", "profile_background_image_url": "http://abs.twimg.com/images/themes/theme1/bg.png", "profile_sidebar_border_color": "FFFFFF", "profile_use_background_image": true, "profile_background_image_url_https": "https://abs.twimg.com/images/themes/theme1/bg.png"}, "place": null, "id_str": "1183541170087124992", "source": "<a href=\"https://mobile.twitter.com\" rel=\"nofollow\">Twitter Web App</a>", "entities": {"urls": [{"url": "https://t.co/F0nEyDh5i4", "indices": [117, 140], "display_url": "twitter.com/i/web/status/1\u2026", "expanded_url": "https://twitter.com/i/web/status/1183541170087124992"}], "symbols": [], "hashtags": [], "user_mentions": []}, "favorited": false, "retweeted": false, "truncated": true, "created_at": "Mon Oct 14 00:32:58 +0000 2019", "coordinates": null, "quote_count": 129, "reply_count": 207, "contributors": null, "filter_level": "low", "retweet_count": 1242, "extended_tweet": {"entities": {"urls": [], "symbols": [], "hashtags": [], "user_mentions": []}, "full_text": "La ex presidenta Cristina Fern\u00e1ndez de Kirchner condecor\u00f3 con la Orden de San Mart\u00edn al dictador Maduro, nosotros hemos reconocido al presidente Guaid\u00f3 y hemos denunciado la violaci\u00f3n de los derechos humanos en Venezuela", "display_text_range": [0, 220]}, "favorite_count": 3229, "is_quote_status": false, "in_reply_to_user_id": null, "in_reply_to_status_id": null, "in_reply_to_screen_name": null, "in_reply_to_user_id_str": null, "in_reply_to_status_id_str": null}, "in_reply_to_user_id": null, "in_reply_to_status_id": null, "in_reply_to_screen_name": null, "in_reply_to_user_id_str": null, "in_reply_to_status_id_str": null}