{"id": 1173374950599737344, "geo": null, "lang": "es", "text": "Es el r\u00e9gimen el principal obst\u00e1culo para una salida pol\u00edtica. Es imperativo que todos, dentro y fuera de Venezuela\u2026 https://t.co/1BS7EcREIE", "user": {"id": 39176902, "url": "https://www.facebook.com/JGuaido/", "lang": null, "name": "Juan Guaid\u00f3", "id_str": "39176902", "location": "Vargas", "verified": true, "following": null, "protected": false, "time_zone": null, "created_at": "Mon May 11 02:59:20 +0000 2009", "utc_offset": null, "description": "Servidor P\u00fablico, Presidente (E) de la Rep\u00fablica Bolivariana de Venezuela y la @AsambleaVe, apegado a los Art. 233/333 CRBV. Ingeniero. En todo amar y servir", "geo_enabled": true, "screen_name": "jguaido", "listed_count": 3129, "friends_count": 2611, "is_translator": false, "notifications": null, "statuses_count": 42233, "default_profile": true, "followers_count": 2215408, "translator_type": "none", "favourites_count": 7868, "profile_image_url": "http://pbs.twimg.com/profile_images/1084274289090744320/M10oqLPc_normal.jpg", "profile_banner_url": "https://pbs.twimg.com/profile_banners/39176902/1548778007", "profile_link_color": "1DA1F2", "profile_text_color": "333333", "follow_request_sent": null, "contributors_enabled": false, "default_profile_image": false, "profile_background_tile": false, "profile_image_url_https": "https://pbs.twimg.com/profile_images/1084274289090744320/M10oqLPc_normal.jpg", "profile_background_color": "C0DEED", "profile_sidebar_fill_color": "DDEEF6", "profile_background_image_url": "http://abs.twimg.com/images/themes/theme1/bg.png", "profile_sidebar_border_color": "C0DEED", "profile_use_background_image": true, "profile_background_image_url_https": "https://abs.twimg.com/images/themes/theme1/bg.png"}, "place": null, "id_str": "1173374950599737344", "source": "<a href=\"http://twitter.com/download/iphone\" rel=\"nofollow\">Twitter for iPhone</a>", "entities": {"urls": [{"url": "https://t.co/1BS7EcREIE", "indices": [117, 140], "display_url": "twitter.com/i/web/status/1\u2026", "expanded_url": "https://twitter.com/i/web/status/1173374950599737344"}], "symbols": [], "hashtags": [], "user_mentions": []}, "favorited": false, "retweeted": false, "truncated": true, "created_at": "Sun Sep 15 23:16:03 +0000 2019", "coordinates": null, "quote_count": 0, "reply_count": 0, "contributors": null, "filter_level": "low", "timestamp_ms": "1568589363132", "quoted_status": {"id": 1173373813054169088, "geo": null, "lang": "es", "text": "Mensaje del Gobierno Leg\u00edtimo de Venezuela al pueblo, la Fuerza Armada Nacional y la comunidad internacional, tras\u2026 https://t.co/KnPsWgNmxn", "user": {"id": 1088178314953613313, "url": "http://presidenciave.com", "lang": null, "name": "Centro de Comunicaci\u00f3n Nacional", "id_str": "1088178314953613313", "location": "Caracas, Venezuela", "verified": true, "following": null, "protected": false, "time_zone": null, "created_at": "Wed Jan 23 20:55:02 +0000 2019", "utc_offset": null, "description": "Cuenta Oficial de la Presidencia (E) de la Rep\u00fablica Bolivariana de Venezuela \ud83c\uddfb\ud83c\uddea", "geo_enabled": true, "screen_name": "Presidencia_VE", "listed_count": 561, "friends_count": 63, "is_translator": false, "notifications": null, "statuses_count": 5024, "default_profile": false, "followers_count": 274572, "translator_type": "none", "favourites_count": 1, "profile_image_url": "http://pbs.twimg.com/profile_images/1121618457622138880/jUsXozeE_normal.png", "profile_banner_url": "https://pbs.twimg.com/profile_banners/1088178314953613313/1556559529", "profile_link_color": "FAB81E", "profile_text_color": "000000", "follow_request_sent": null, "contributors_enabled": false, "default_profile_image": false, "profile_background_tile": false, "profile_image_url_https": "https://pbs.twimg.com/profile_images/1121618457622138880/jUsXozeE_normal.png", "profile_background_color": "000000", "profile_sidebar_fill_color": "000000", "profile_background_image_url": "http://abs.twimg.com/images/themes/theme1/bg.png", "profile_sidebar_border_color": "000000", "profile_use_background_image": false, "profile_background_image_url_https": "https://abs.twimg.com/images/themes/theme1/bg.png"}, "place": null, "id_str": "1173373813054169088", "source": "<a href=\"http://twitter.com/download/iphone\" rel=\"nofollow\">Twitter for iPhone</a>", "entities": {"urls": [{"url": "https://t.co/KnPsWgNmxn", "indices": [116, 139], "display_url": "twitter.com/i/web/status/1\u2026", "expanded_url": "https://twitter.com/i/web/status/1173373813054169088"}], "symbols": [], "hashtags": [], "user_mentions": []}, "favorited": false, "retweeted": false, "truncated": true, "created_at": "Sun Sep 15 23:11:31 +0000 2019", "coordinates": null, "quote_count": 1, "reply_count": 0, "contributors": null, "filter_level": "low", "retweet_count": 33, "extended_tweet": {"entities": {"urls": [], "media": [{"id": 1173373808746663936, "url": "https://t.co/2DqwdWzjdW", "type": "photo", "sizes": {"large": {"h": 1073, "w": 735, "resize": "fit"}, "small": {"h": 680, "w": 466, "resize": "fit"}, "thumb": {"h": 150, "w": 150, "resize": "crop"}, "medium": {"h": 1073, "w": 735, "resize": "fit"}}, "id_str": "1173373808746663936", "indices": [171, 194], "media_url": "http://pbs.twimg.com/media/EEipQyMXkAAoQFm.jpg", "display_url": "pic.twitter.com/2DqwdWzjdW", "expanded_url": "https://twitter.com/Presidencia_VE/status/1173373813054169088/photo/1", "media_url_https": "https://pbs.twimg.com/media/EEipQyMXkAAoQFm.jpg"}], "symbols": [], "hashtags": [], "user_mentions": []}, "full_text": "Mensaje del Gobierno Leg\u00edtimo de Venezuela al pueblo, la Fuerza Armada Nacional y la comunidad internacional, tras el abandono de la negociaci\u00f3n de parte de la dictadura. https://t.co/2DqwdWzjdW", "extended_entities": {"media": [{"id": 1173373808746663936, "url": "https://t.co/2DqwdWzjdW", "type": "photo", "sizes": {"large": {"h": 1073, "w": 735, "resize": "fit"}, "small": {"h": 680, "w": 466, "resize": "fit"}, "thumb": {"h": 150, "w": 150, "resize": "crop"}, "medium": {"h": 1073, "w": 735, "resize": "fit"}}, "id_str": "1173373808746663936", "indices": [171, 194], "media_url": "http://pbs.twimg.com/media/EEipQyMXkAAoQFm.jpg", "display_url": "pic.twitter.com/2DqwdWzjdW", "expanded_url": "https://twitter.com/Presidencia_VE/status/1173373813054169088/photo/1", "media_url_https": "https://pbs.twimg.com/media/EEipQyMXkAAoQFm.jpg"}]}, "display_text_range": [0, 170]}, "favorite_count": 25, "is_quote_status": false, "display_text_range": [0, 140], "possibly_sensitive": false, "in_reply_to_user_id": null, "in_reply_to_status_id": null, "in_reply_to_screen_name": null, "in_reply_to_user_id_str": null, "in_reply_to_status_id_str": null}, "retweet_count": 0, "extended_tweet": {"entities": {"urls": [], "symbols": [], "hashtags": [], "user_mentions": []}, "full_text": "Es el r\u00e9gimen el principal obst\u00e1culo para una salida pol\u00edtica. Es imperativo que todos, dentro y fuera de Venezuela, JUNTOS, aumentemos la presi\u00f3n.", "display_text_range": [0, 147]}, "favorite_count": 0, "is_quote_status": true, "quoted_status_id": 1173373813054169088, "in_reply_to_user_id": null, "quoted_status_id_str": "1173373813054169088", "in_reply_to_status_id": null, "in_reply_to_screen_name": null, "in_reply_to_user_id_str": null, "quoted_status_permalink": {"url": "https://t.co/e2CSP46xpa", "display": "twitter.com/presidencia_ve\u2026", "expanded": "https://twitter.com/presidencia_ve/status/1173373813054169088"}, "in_reply_to_status_id_str": null}