{"id": 1158811178530934784, "geo": null, "lang": "pt", "text": "RT @ItamaratyGovBr: Chanceler @ernestofaraujo participa, hoje, em Lima, Peru, da Confer\u00eancia Internacional pela Democracia na Venezuela. Ma\u2026", "user": {"id": 39176902, "url": "https://www.facebook.com/JGuaido/", "lang": null, "name": "Juan Guaid\u00f3", "id_str": "39176902", "location": "Vargas", "verified": true, "following": null, "protected": false, "time_zone": null, "created_at": "Mon May 11 02:59:20 +0000 2009", "utc_offset": null, "description": "Servidor P\u00fablico, Presidente (E) de la Rep\u00fablica Bolivariana de Venezuela y la @AsambleaVe, apegado a los Art. 233/333 CRBV. Ingeniero. En todo amar y servir", "geo_enabled": true, "screen_name": "jguaido", "listed_count": 3093, "friends_count": 2610, "is_translator": false, "notifications": null, "statuses_count": 42075, "default_profile": true, "followers_count": 2184209, "translator_type": "none", "favourites_count": 7282, "profile_image_url": "http://pbs.twimg.com/profile_images/1084274289090744320/M10oqLPc_normal.jpg", "profile_banner_url": "https://pbs.twimg.com/profile_banners/39176902/1548778007", "profile_link_color": "1DA1F2", "profile_text_color": "333333", "follow_request_sent": null, "contributors_enabled": false, "default_profile_image": false, "profile_background_tile": false, "profile_image_url_https": "https://pbs.twimg.com/profile_images/1084274289090744320/M10oqLPc_normal.jpg", "profile_background_color": "C0DEED", "profile_sidebar_fill_color": "DDEEF6", "profile_background_image_url": "http://abs.twimg.com/images/themes/theme1/bg.png", "profile_sidebar_border_color": "C0DEED", "profile_use_background_image": true, "profile_background_image_url_https": "https://abs.twimg.com/images/themes/theme1/bg.png"}, "place": null, "id_str": "1158811178530934784", "source": "<a href=\"http://twitter.com/download/iphone\" rel=\"nofollow\">Twitter for iPhone</a>", "entities": {"urls": [], "symbols": [], "hashtags": [], "user_mentions": [{"id": 49762925, "name": "Itamaraty Brasil\ud83c\udde7\ud83c\uddf7", "id_str": "49762925", "indices": [3, 18], "screen_name": "ItamaratyGovBr"}, {"id": 1062831969476771842, "name": "Ernesto Ara\u00fajo", "id_str": "1062831969476771842", "indices": [30, 45], "screen_name": "ernestofaraujo"}]}, "favorited": false, "retweeted": false, "truncated": false, "created_at": "Tue Aug 06 18:44:49 +0000 2019", "coordinates": null, "quote_count": 0, "reply_count": 0, "contributors": null, "filter_level": "low", "timestamp_ms": "1565117089289", "retweet_count": 0, "favorite_count": 0, "is_quote_status": false, "retweeted_status": {"id": 1158810778360848388, "geo": null, "lang": "pt", "text": "Chanceler @ernestofaraujo participa, hoje, em Lima, Peru, da Confer\u00eancia Internacional pela Democracia na Venezuela\u2026 https://t.co/xBHQnozPhn", "user": {"id": 49762925, "url": "http://www.itamaraty.gov.br", "lang": null, "name": "Itamaraty Brasil\ud83c\udde7\ud83c\uddf7", "id_str": "49762925", "location": "Bras\u00edlia, DF", "verified": true, "following": null, "protected": false, "time_zone": null, "created_at": "Mon Jun 22 20:57:50 +0000 2009", "utc_offset": null, "description": "Minist\u00e9rio das Rela\u00e7\u00f5es Exteriores do #Brasil | English: @Itamaraty_EN | Espa\u00f1ol: @Itamaraty_ES", "geo_enabled": true, "screen_name": "ItamaratyGovBr", "listed_count": 1600, "friends_count": 848, "is_translator": false, "notifications": null, "statuses_count": 22322, "default_profile": false, "followers_count": 231819, "translator_type": "none", "favourites_count": 2224, "profile_image_url": "http://pbs.twimg.com/profile_images/1155848990136705024/ciw5jtg4_normal.jpg", "profile_banner_url": "https://pbs.twimg.com/profile_banners/49762925/1564410850", "profile_link_color": "718C33", "profile_text_color": "333333", "follow_request_sent": null, "contributors_enabled": false, "default_profile_image": false, "profile_background_tile": true, "profile_image_url_https": "https://pbs.twimg.com/profile_images/1155848990136705024/ciw5jtg4_normal.jpg", "profile_background_color": "042E1A", "profile_sidebar_fill_color": "E3E3E0", "profile_background_image_url": "http://abs.twimg.com/images/themes/theme14/bg.gif", "profile_sidebar_border_color": "000000", "profile_use_background_image": true, "profile_background_image_url_https": "https://abs.twimg.com/images/themes/theme14/bg.gif"}, "place": null, "id_str": "1158810778360848388", "source": "<a href=\"https://mobile.twitter.com\" rel=\"nofollow\">Twitter Web App</a>", "entities": {"urls": [{"url": "https://t.co/xBHQnozPhn", "indices": [117, 140], "display_url": "twitter.com/i/web/status/1\u2026", "expanded_url": "https://twitter.com/i/web/status/1158810778360848388"}], "symbols": [], "hashtags": [], "user_mentions": [{"id": 1062831969476771842, "name": "Ernesto Ara\u00fajo", "id_str": "1062831969476771842", "indices": [10, 25], "screen_name": "ernestofaraujo"}]}, "favorited": false, "retweeted": false, "truncated": true, "created_at": "Tue Aug 06 18:43:13 +0000 2019", "coordinates": null, "quote_count": 0, "reply_count": 0, "contributors": null, "filter_level": "low", "retweet_count": 2, "extended_tweet": {"entities": {"urls": [], "media": [{"id": 1158810761910730753, "url": "https://t.co/wpjnbJTPAb", "type": "photo", "sizes": {"large": {"h": 853, "w": 1280, "resize": "fit"}, "small": {"h": 453, "w": 680, "resize": "fit"}, "thumb": {"h": 150, "w": 150, "resize": "crop"}, "medium": {"h": 800, "w": 1200, "resize": "fit"}}, "id_str": "1158810761910730753", "indices": [186, 209], "media_url": "http://pbs.twimg.com/media/EBTsP5GWwAE_Afr.jpg", "display_url": "pic.twitter.com/wpjnbJTPAb", "expanded_url": "https://twitter.com/ItamaratyGovBr/status/1158810778360848388/photo/1", "media_url_https": "https://pbs.twimg.com/media/EBTsP5GWwAE_Afr.jpg"}, {"id": 1158810761847812099, "url": "https://t.co/wpjnbJTPAb", "type": "photo", "sizes": {"large": {"h": 853, "w": 1280, "resize": "fit"}, "small": {"h": 453, "w": 680, "resize": "fit"}, "thumb": {"h": 150, "w": 150, "resize": "crop"}, "medium": {"h": 800, "w": 1200, "resize": "fit"}}, "id_str": "1158810761847812099", "indices": [186, 209], "media_url": "http://pbs.twimg.com/media/EBTsP43WsAMlOQu.jpg", "display_url": "pic.twitter.com/wpjnbJTPAb", "expanded_url": "https://twitter.com/ItamaratyGovBr/status/1158810778360848388/photo/1", "media_url_https": "https://pbs.twimg.com/media/EBTsP43WsAMlOQu.jpg"}], "symbols": [], "hashtags": [], "user_mentions": [{"id": 1062831969476771842, "name": "Ernesto Ara\u00fajo", "id_str": "1062831969476771842", "indices": [10, 25], "screen_name": "ernestofaraujo"}, {"id": 39176902, "name": "Juan Guaid\u00f3", "id_str": "39176902", "indices": [154, 162], "screen_name": "jguaido"}]}, "full_text": "Chanceler @ernestofaraujo participa, hoje, em Lima, Peru, da Confer\u00eancia Internacional pela Democracia na Venezuela. Manifesta\u00e7\u00f5es de apoio ao presidente @jguaido e ao povo venezuelano. https://t.co/wpjnbJTPAb", "extended_entities": {"media": [{"id": 1158810761910730753, "url": "https://t.co/wpjnbJTPAb", "type": "photo", "sizes": {"large": {"h": 853, "w": 1280, "resize": "fit"}, "small": {"h": 453, "w": 680, "resize": "fit"}, "thumb": {"h": 150, "w": 150, "resize": "crop"}, "medium": {"h": 800, "w": 1200, "resize": "fit"}}, "id_str": "1158810761910730753", "indices": [186, 209], "media_url": "http://pbs.twimg.com/media/EBTsP5GWwAE_Afr.jpg", "display_url": "pic.twitter.com/wpjnbJTPAb", "expanded_url": "https://twitter.com/ItamaratyGovBr/status/1158810778360848388/photo/1", "media_url_https": "https://pbs.twimg.com/media/EBTsP5GWwAE_Afr.jpg"}, {"id": 1158810761847812099, "url": "https://t.co/wpjnbJTPAb", "type": "photo", "sizes": {"large": {"h": 853, "w": 1280, "resize": "fit"}, "small": {"h": 453, "w": 680, "resize": "fit"}, "thumb": {"h": 150, "w": 150, "resize": "crop"}, "medium": {"h": 800, "w": 1200, "resize": "fit"}}, "id_str": "1158810761847812099", "indices": [186, 209], "media_url": "http://pbs.twimg.com/media/EBTsP43WsAMlOQu.jpg", "display_url": "pic.twitter.com/wpjnbJTPAb", "expanded_url": "https://twitter.com/ItamaratyGovBr/status/1158810778360848388/photo/1", "media_url_https": "https://pbs.twimg.com/media/EBTsP43WsAMlOQu.jpg"}]}, "display_text_range": [0, 185]}, "favorite_count": 4, "is_quote_status": false, "display_text_range": [0, 140], "possibly_sensitive": false, "in_reply_to_user_id": null, "in_reply_to_status_id": null, "in_reply_to_screen_name": null, "in_reply_to_user_id_str": null, "in_reply_to_status_id_str": null}, "in_reply_to_user_id": null, "in_reply_to_status_id": null, "in_reply_to_screen_name": null, "in_reply_to_user_id_str": null, "in_reply_to_status_id_str": null}