{"id": 1136368379793727488, "geo": null, "lang": "und", "text": "#LaCalleAgarraTarima https://t.co/p6UXePxF9o", "user": {"id": 39176902, "url": "https://t.co/hZCEqTR5cj", "lang": null, "name": "Juan Guaid\u00f3", "id_str": "39176902", "entities": {"url": {"urls": [{"url": "https://t.co/hZCEqTR5cj", "indices": [0, 23], "display_url": "facebook.com/JGuaido/", "expanded_url": "https://www.facebook.com/JGuaido/"}]}, "description": {"urls": []}}, "location": "Vargas", "verified": true, "following": true, "protected": false, "time_zone": null, "created_at": "Mon May 11 02:59:20 +0000 2009", "utc_offset": null, "description": "Servidor P\u00fablico, Presidente (E) de la Rep\u00fablica Bolivariana de Venezuela y la @AsambleaVe, apegado a los Art. 233/333 CRBV. Ingeniero. En todo amar y servir", "geo_enabled": true, "screen_name": "jguaido", "listed_count": 3068, "friends_count": 2605, "is_translator": false, "notifications": false, "statuses_count": 41949, "default_profile": true, "followers_count": 2156049, "translator_type": "none", "favourites_count": 6964, "profile_image_url": "http://pbs.twimg.com/profile_images/1084274289090744320/M10oqLPc_normal.jpg", "profile_banner_url": "https://pbs.twimg.com/profile_banners/39176902/1548778007", "profile_link_color": "1DA1F2", "profile_text_color": "333333", "follow_request_sent": false, "contributors_enabled": false, "has_extended_profile": true, "default_profile_image": false, "is_translation_enabled": false, "profile_background_tile": false, "profile_image_url_https": "https://pbs.twimg.com/profile_images/1084274289090744320/M10oqLPc_normal.jpg", "profile_background_color": "C0DEED", "profile_sidebar_fill_color": "DDEEF6", "profile_background_image_url": "http://abs.twimg.com/images/themes/theme1/bg.png", "profile_sidebar_border_color": "C0DEED", "profile_use_background_image": true, "profile_background_image_url_https": "https://abs.twimg.com/images/themes/theme1/bg.png"}, "place": null, "id_str": "1136368379793727488", "source": "<a href=\"http://twitter.com/download/iphone\" rel=\"nofollow\">Twitter for iPhone</a>", "entities": {"urls": [{"url": "https://t.co/p6UXePxF9o", "indices": [21, 44], "display_url": "twitter.com/FrentAmplioVzl\u2026", "expanded_url": "https://twitter.com/FrentAmplioVzla/status/1136365693174243329"}], "symbols": [], "hashtags": [{"text": "LaCalleAgarraTarima", "indices": [0, 20]}], "user_mentions": []}, "favorited": false, "retweeted": false, "truncated": false, "created_at": "Wed Jun 05 20:25:09 +0000 2019", "coordinates": null, "contributors": null, "quoted_status": {"id": 1136365693174243329, "geo": null, "lang": "es", "text": "#AHORA La animadora @LaVeroGomez y el profesor @profesorbriceno dan inicio al evento #LaCalleAgarraTarima en el\u2026 https://t.co/tLdeYqpmkM", "user": {"id": 972145825496387584, "url": "https://t.co/uPJe9uuHUC", "lang": null, "name": "Frente Amplio Vzla Libre", "id_str": "972145825496387584", "entities": {"url": {"urls": [{"url": "https://t.co/uPJe9uuHUC", "indices": [0, 23], "display_url": "frenteampliovenezuela.com", "expanded_url": "http://www.frenteampliovenezuela.com"}]}, "description": {"urls": []}}, "location": "Venezuela", "verified": false, "following": false, "protected": false, "time_zone": null, "created_at": "Fri Mar 09 16:23:21 +0000 2018", "utc_offset": null, "description": "\u00a1JUNTOS #VamosDeFrente por Venezuela! \ud83c\uddfb\ud83c\uddea", "geo_enabled": false, "screen_name": "FrentAmplioVzla", "listed_count": 73, "friends_count": 226, "is_translator": false, "notifications": false, "statuses_count": 13541, "default_profile": true, "followers_count": 17428, "translator_type": "none", "favourites_count": 1590, "profile_image_url": "http://pbs.twimg.com/profile_images/984617997909331970/vZTPrIBZ_normal.jpg", "profile_banner_url": "https://pbs.twimg.com/profile_banners/972145825496387584/1520972896", "profile_link_color": "1DA1F2", "profile_text_color": "333333", "follow_request_sent": false, "contributors_enabled": false, "has_extended_profile": false, "default_profile_image": false, "is_translation_enabled": false, "profile_background_tile": false, "profile_image_url_https": "https://pbs.twimg.com/profile_images/984617997909331970/vZTPrIBZ_normal.jpg", "profile_background_color": "F5F8FA", "profile_sidebar_fill_color": "DDEEF6", "profile_background_image_url": null, "profile_sidebar_border_color": "C0DEED", "profile_use_background_image": true, "profile_background_image_url_https": null}, "place": null, "id_str": "1136365693174243329", "source": "<a href=\"http://twitter.com\" rel=\"nofollow\">Twitter Web Client</a>", "entities": {"urls": [{"url": "https://t.co/tLdeYqpmkM", "indices": [113, 136], "display_url": "twitter.com/i/web/status/1\u2026", "expanded_url": "https://twitter.com/i/web/status/1136365693174243329"}], "symbols": [], "hashtags": [{"text": "AHORA", "indices": [0, 6]}, {"text": "LaCalleAgarraTarima", "indices": [85, 105]}], "user_mentions": [{"id": 166671460, "name": "Ver\u00f3nica G\u00f3mez", "id_str": "166671460", "indices": [20, 32], "screen_name": "LaVeroGomez"}, {"id": 347917081, "name": "Jos\u00e9 Rafael Brice\u00f1o", "id_str": "347917081", "indices": [47, 63], "screen_name": "profesorbriceno"}]}, "favorited": false, "retweeted": false, "truncated": true, "created_at": "Wed Jun 05 20:14:28 +0000 2019", "coordinates": null, "contributors": null, "retweet_count": 184, "favorite_count": 560, "is_quote_status": false, "possibly_sensitive": false, "in_reply_to_user_id": null, "in_reply_to_status_id": null, "in_reply_to_screen_name": null, "in_reply_to_user_id_str": null, "in_reply_to_status_id_str": null}, "retweet_count": 835, "favorite_count": 1987, "is_quote_status": true, "quoted_status_id": 1136365693174243329, "possibly_sensitive": false, "in_reply_to_user_id": null, "quoted_status_id_str": "1136365693174243329", "in_reply_to_status_id": null, "in_reply_to_screen_name": null, "in_reply_to_user_id_str": null, "in_reply_to_status_id_str": null}