{"id": 1034143003898720256, "geo": null, "lang": "es", "text": "RT @JuanRequesens: #ATENCI\u00d3N A 20 d\u00edas del secuestro del diputado, Juan Requesens, su abogado, Joel Garc\u00eda, informa: \"Una vez m\u00e1s no nos fu\u2026", "user": {"id": 39176902, "url": "https://t.co/5R62t34v6l", "lang": "es", "name": "Juan Guaid\u00f3", "id_str": "39176902", "entities": {"url": {"urls": [{"url": "https://t.co/5R62t34v6l", "indices": [0, 23], "display_url": "juanguaido.com", "expanded_url": "http://www.juanguaido.com"}]}, "description": {"urls": []}}, "location": "Vargas", "verified": true, "following": true, "protected": false, "time_zone": null, "created_at": "Mon May 11 02:59:20 +0000 2009", "utc_offset": null, "description": "Presidente de la @asambleave y (E) de la Rep\u00fablica Bolivariana de Venezuela, apegado a los Art. 233/333 CRBV\nServidor P\u00fablico. Ingeniero.\nEn todo amar y servir", "geo_enabled": true, "screen_name": "jguaido", "listed_count": 2704, "friends_count": 2577, "is_translator": false, "notifications": false, "statuses_count": 41231, "default_profile": true, "followers_count": 1834895, "translator_type": "none", "favourites_count": 5845, "profile_image_url": "http://pbs.twimg.com/profile_images/1084274289090744320/M10oqLPc_normal.jpg", "profile_banner_url": "https://pbs.twimg.com/profile_banners/39176902/1548778007", "profile_link_color": "1DA1F2", "profile_text_color": "333333", "follow_request_sent": false, "contributors_enabled": false, "has_extended_profile": true, "default_profile_image": false, "is_translation_enabled": false, "profile_background_tile": false, "profile_image_url_https": "https://pbs.twimg.com/profile_images/1084274289090744320/M10oqLPc_normal.jpg", "profile_background_color": "C0DEED", "profile_sidebar_fill_color": "DDEEF6", "profile_background_image_url": "http://abs.twimg.com/images/themes/theme1/bg.png", "profile_sidebar_border_color": "C0DEED", "profile_use_background_image": true, "profile_background_image_url_https": "https://abs.twimg.com/images/themes/theme1/bg.png"}, "place": null, "id_str": "1034143003898720256", "source": "<a href=\"http://twitter.com/download/iphone\" rel=\"nofollow\">Twitter for iPhone</a>", "entities": {"urls": [], "symbols": [], "hashtags": [{"text": "ATENCI\u00d3N", "indices": [19, 28]}], "user_mentions": [{"id": 85386874, "name": "Juan Requesens", "id_str": "85386874", "indices": [3, 17], "screen_name": "JuanRequesens"}]}, "favorited": false, "retweeted": false, "truncated": false, "created_at": "Mon Aug 27 18:18:00 +0000 2018", "coordinates": null, "contributors": null, "retweet_count": 1073, "favorite_count": 0, "is_quote_status": false, "retweeted_status": {"id": 1034139298151456768, "geo": null, "lang": "es", "text": "#ATENCI\u00d3N A 20 d\u00edas del secuestro del diputado, Juan Requesens, su abogado, Joel Garc\u00eda, informa: \"Una vez m\u00e1s no n\u2026 https://t.co/o8iybe2jvt", "user": {"id": 85386874, "url": "https://t.co/WI3hPciUQ3", "lang": "es", "name": "Juan Requesens", "id_str": "85386874", "entities": {"url": {"urls": [{"url": "https://t.co/WI3hPciUQ3", "indices": [0, 23], "display_url": "youtube.com/channel/UC8GfN\u2026", "expanded_url": "https://www.youtube.com/channel/UC8GfNp1HHQZxza88mG_2O6Q"}]}, "description": {"urls": []}}, "location": "T\u00e1chira, Venezuela", "verified": true, "following": false, "protected": false, "time_zone": null, "created_at": "Mon Oct 26 19:03:39 +0000 2009", "utc_offset": null, "description": "Diputado a la Asamblea Nacional, estado #T\u00e1chira. Por Venezuela, #YoMeNiegoARendirme", "geo_enabled": true, "screen_name": "JuanRequesens", "listed_count": 1979, "friends_count": 1554, "is_translator": false, "notifications": false, "statuses_count": 16761, "default_profile": false, "followers_count": 1197059, "translator_type": "none", "favourites_count": 396, "profile_image_url": "http://pbs.twimg.com/profile_images/1027390442495729665/OH7c6Qk0_normal.jpg", "profile_banner_url": "https://pbs.twimg.com/profile_banners/85386874/1539054473", "profile_link_color": "0084B4", "profile_text_color": "333333", "follow_request_sent": false, "contributors_enabled": false, "has_extended_profile": true, "default_profile_image": false, "is_translation_enabled": false, "profile_background_tile": true, "profile_image_url_https": "https://pbs.twimg.com/profile_images/1027390442495729665/OH7c6Qk0_normal.jpg", "profile_background_color": "1EA30A", "profile_sidebar_fill_color": "DDEEF6", "profile_background_image_url": "http://abs.twimg.com/images/themes/theme1/bg.png", "profile_sidebar_border_color": "FFFFFF", "profile_use_background_image": true, "profile_background_image_url_https": "https://abs.twimg.com/images/themes/theme1/bg.png"}, "place": null, "id_str": "1034139298151456768", "source": "<a href=\"http://twitter.com\" rel=\"nofollow\">Twitter Web Client</a>", "entities": {"urls": [{"url": "https://t.co/o8iybe2jvt", "indices": [117, 140], "display_url": "twitter.com/i/web/status/1\u2026", "expanded_url": "https://twitter.com/i/web/status/1034139298151456768"}], "symbols": [], "hashtags": [{"text": "ATENCI\u00d3N", "indices": [0, 9]}], "user_mentions": []}, "favorited": false, "retweeted": false, "truncated": true, "created_at": "Mon Aug 27 18:03:16 +0000 2018", "coordinates": null, "contributors": null, "retweet_count": 1073, "favorite_count": 369, "is_quote_status": false, "possibly_sensitive": false, "in_reply_to_user_id": null, "in_reply_to_status_id": null, "in_reply_to_screen_name": null, "in_reply_to_user_id_str": null, "in_reply_to_status_id_str": null}, "in_reply_to_user_id": null, "in_reply_to_status_id": null, "in_reply_to_screen_name": null, "in_reply_to_user_id_str": null, "in_reply_to_status_id_str": null}