{"id": 1032042087326343168, "geo": null, "lang": "es", "text": "Estimado Antonio, luego de m\u00e1s de 1 a\u00f1o de investigaci\u00f3n que relaciona directamente a Maduro, de designar magistrad\u2026 https://t.co/WB3MFnmeZo", "user": {"id": 39176902, "url": "https://t.co/5R62t34v6l", "lang": "es", "name": "Juan Guaid\u00f3", "id_str": "39176902", "entities": {"url": {"urls": [{"url": "https://t.co/5R62t34v6l", "indices": [0, 23], "display_url": "juanguaido.com", "expanded_url": "http://www.juanguaido.com"}]}, "description": {"urls": []}}, "location": "Vargas", "verified": true, "following": true, "protected": false, "time_zone": null, "created_at": "Mon May 11 02:59:20 +0000 2009", "utc_offset": null, "description": "Presidente de la @asambleave y (E) de la Rep\u00fablica Bolivariana de Venezuela, apegado a los Art. 233/333 CRBV\nServidor P\u00fablico. Ingeniero.\nEn todo amar y servir", "geo_enabled": true, "screen_name": "jguaido", "listed_count": 2704, "friends_count": 2577, "is_translator": false, "notifications": false, "statuses_count": 41231, "default_profile": true, "followers_count": 1834896, "translator_type": "none", "favourites_count": 5845, "profile_image_url": "http://pbs.twimg.com/profile_images/1084274289090744320/M10oqLPc_normal.jpg", "profile_banner_url": "https://pbs.twimg.com/profile_banners/39176902/1548778007", "profile_link_color": "1DA1F2", "profile_text_color": "333333", "follow_request_sent": false, "contributors_enabled": false, "has_extended_profile": true, "default_profile_image": false, "is_translation_enabled": false, "profile_background_tile": false, "profile_image_url_https": "https://pbs.twimg.com/profile_images/1084274289090744320/M10oqLPc_normal.jpg", "profile_background_color": "C0DEED", "profile_sidebar_fill_color": "DDEEF6", "profile_background_image_url": "http://abs.twimg.com/images/themes/theme1/bg.png", "profile_sidebar_border_color": "C0DEED", "profile_use_background_image": true, "profile_background_image_url_https": "https://abs.twimg.com/images/themes/theme1/bg.png"}, "place": null, "id_str": "1032042087326343168", "source": "<a href=\"http://twitter.com/download/iphone\" rel=\"nofollow\">Twitter for iPhone</a>", "entities": {"urls": [{"url": "https://t.co/WB3MFnmeZo", "indices": [117, 140], "display_url": "twitter.com/i/web/status/1\u2026", "expanded_url": "https://twitter.com/i/web/status/1032042087326343168"}], "symbols": [], "hashtags": [], "user_mentions": []}, "favorited": false, "retweeted": false, "truncated": true, "created_at": "Tue Aug 21 23:09:42 +0000 2018", "coordinates": null, "contributors": null, "quoted_status": {"id": 1031987701216620544, "geo": null, "lang": "es", "text": "Los diputados de la @fraccionAN16J cumplio hoy con honor su compromiso con los 14 millones de venezolanos que desig\u2026 https://t.co/3NVBKiAidT", "user": {"id": 53778621, "url": "https://t.co/9n8MJc9XIn", "lang": "es", "name": "Antonio Ledezma", "id_str": "53778621", "entities": {"url": {"urls": [{"url": "https://t.co/9n8MJc9XIn", "indices": [0, 23], "display_url": "antonioledezmav.com", "expanded_url": "http://www.antonioledezmav.com"}]}, "description": {"urls": []}}, "location": "Caracas, Venezuela", "verified": true, "following": false, "protected": false, "time_zone": null, "created_at": "Sat Jul 04 22:39:10 +0000 2009", "utc_offset": null, "description": "Reelecto Alcalde Metropolitano de Caracas. Nac\u00ed 1/5/55 San Juan d Los Morros. Abogado, Postgrado Gerencia P\u00fablica. M\u00e1s de mil d\u00edas preso.  Hoy exiliado Pol\u00edtico", "geo_enabled": true, "screen_name": "alcaldeledezma", "listed_count": 5146, "friends_count": 90414, "is_translator": false, "notifications": false, "statuses_count": 48831, "default_profile": false, "followers_count": 2329420, "translator_type": "none", "favourites_count": 3355, "profile_image_url": "http://pbs.twimg.com/profile_images/943727533773803525/XNHKRJ1Z_normal.jpg", "profile_banner_url": "https://pbs.twimg.com/profile_banners/53778621/1523274799", "profile_link_color": "099299", "profile_text_color": "BDBFC9", "follow_request_sent": false, "contributors_enabled": false, "has_extended_profile": false, "default_profile_image": false, "is_translation_enabled": false, "profile_background_tile": false, "profile_image_url_https": "https://pbs.twimg.com/profile_images/943727533773803525/XNHKRJ1Z_normal.jpg", "profile_background_color": "010E14", "profile_sidebar_fill_color": "02022E", "profile_background_image_url": "http://abs.twimg.com/images/themes/theme1/bg.png", "profile_sidebar_border_color": "FFFFFF", "profile_use_background_image": true, "profile_background_image_url_https": "https://abs.twimg.com/images/themes/theme1/bg.png"}, "place": null, "id_str": "1031987701216620544", "source": "<a href=\"http://twitter.com/download/android\" rel=\"nofollow\">Twitter for Android</a>", "entities": {"urls": [{"url": "https://t.co/3NVBKiAidT", "indices": [117, 140], "display_url": "twitter.com/i/web/status/1\u2026", "expanded_url": "https://twitter.com/i/web/status/1031987701216620544"}], "symbols": [], "hashtags": [], "user_mentions": [{"id": 935267662363611136, "name": "Bloque Parlamentario 16 de Julio", "id_str": "935267662363611136", "indices": [20, 34], "screen_name": "fraccionAN16J"}]}, "favorited": false, "retweeted": false, "truncated": true, "created_at": "Tue Aug 21 19:33:36 +0000 2018", "coordinates": null, "contributors": null, "retweet_count": 2801, "favorite_count": 2645, "is_quote_status": true, "quoted_status_id": 1031965434634018817, "possibly_sensitive": false, "in_reply_to_user_id": null, "quoted_status_id_str": "1031965434634018817", "in_reply_to_status_id": null, "in_reply_to_screen_name": null, "in_reply_to_user_id_str": null, "in_reply_to_status_id_str": null}, "retweet_count": 380, "favorite_count": 305, "is_quote_status": true, "quoted_status_id": 1031987701216620544, "possibly_sensitive": false, "in_reply_to_user_id": null, "quoted_status_id_str": "1031987701216620544", "in_reply_to_status_id": null, "in_reply_to_screen_name": null, "in_reply_to_user_id_str": null, "in_reply_to_status_id_str": null}