{"id": 1028273150793080832, "geo": null, "lang": "es", "text": "RT @la_patilla: Convocan a concentraci\u00f3n en la Plaza Bri\u00f3n de Chaca\u00edto en apoyo a Juan Requesens\u00a0#11Ago https://t.co/D48CDqQYOE https://t.c\u2026", "user": {"id": 39176902, "url": "https://t.co/5R62t34v6l", "lang": "es", "name": "Juan Guaid\u00f3", "id_str": "39176902", "entities": {"url": {"urls": [{"url": "https://t.co/5R62t34v6l", "indices": [0, 23], "display_url": "juanguaido.com", "expanded_url": "http://www.juanguaido.com"}]}, "description": {"urls": []}}, "location": "Vargas", "verified": true, "following": true, "protected": false, "time_zone": null, "created_at": "Mon May 11 02:59:20 +0000 2009", "utc_offset": null, "description": "Presidente de la @asambleave y (E) de la Rep\u00fablica Bolivariana de Venezuela, apegado a los Art. 233/333 CRBV\nServidor P\u00fablico. Ingeniero.\nEn todo amar y servir", "geo_enabled": true, "screen_name": "jguaido", "listed_count": 2704, "friends_count": 2577, "is_translator": false, "notifications": false, "statuses_count": 41231, "default_profile": true, "followers_count": 1834896, "translator_type": "none", "favourites_count": 5845, "profile_image_url": "http://pbs.twimg.com/profile_images/1084274289090744320/M10oqLPc_normal.jpg", "profile_banner_url": "https://pbs.twimg.com/profile_banners/39176902/1548778007", "profile_link_color": "1DA1F2", "profile_text_color": "333333", "follow_request_sent": false, "contributors_enabled": false, "has_extended_profile": true, "default_profile_image": false, "is_translation_enabled": false, "profile_background_tile": false, "profile_image_url_https": "https://pbs.twimg.com/profile_images/1084274289090744320/M10oqLPc_normal.jpg", "profile_background_color": "C0DEED", "profile_sidebar_fill_color": "DDEEF6", "profile_background_image_url": "http://abs.twimg.com/images/themes/theme1/bg.png", "profile_sidebar_border_color": "C0DEED", "profile_use_background_image": true, "profile_background_image_url_https": "https://abs.twimg.com/images/themes/theme1/bg.png"}, "place": null, "id_str": "1028273150793080832", "source": "<a href=\"http://twitter.com/download/iphone\" rel=\"nofollow\">Twitter for iPhone</a>", "entities": {"urls": [{"url": "https://t.co/D48CDqQYOE", "indices": [104, 127], "display_url": "lapatilla.com/2018/08/11/con\u2026", "expanded_url": "https://www.lapatilla.com/2018/08/11/convocan-a-concentracion-en-la-plaza-brion-de-chacaito-en-apoyo-a-juan-requesens-11ago/"}], "symbols": [], "hashtags": [{"text": "11Ago", "indices": [97, 103]}], "user_mentions": [{"id": 124172948, "name": "La Patilla", "id_str": "124172948", "indices": [3, 14], "screen_name": "la_patilla"}]}, "favorited": false, "retweeted": false, "truncated": false, "created_at": "Sat Aug 11 13:33:18 +0000 2018", "coordinates": null, "contributors": null, "retweet_count": 61, "favorite_count": 0, "is_quote_status": false, "retweeted_status": {"id": 1028251753022726145, "geo": null, "lang": "es", "text": "Convocan a concentraci\u00f3n en la Plaza Bri\u00f3n de Chaca\u00edto en apoyo a Juan Requesens\u00a0#11Ago https://t.co/D48CDqQYOE https://t.co/T52wYsdIay", "user": {"id": 124172948, "url": "https://t.co/t8x20yFxmB", "lang": "es", "name": "La Patilla", "id_str": "124172948", "entities": {"url": {"urls": [{"url": "https://t.co/t8x20yFxmB", "indices": [0, 23], "display_url": "bit.ly/2BMlZEy", "expanded_url": "http://bit.ly/2BMlZEy"}]}, "description": {"urls": [{"url": "https://t.co/sCftVquHBX", "indices": [71, 94], "display_url": "Instagram.com/la_patilla", "expanded_url": "http://Instagram.com/la_patilla"}, {"url": "https://t.co/X5c1QH76Kt", "indices": [107, 130], "display_url": "telegram.me/la_patilla", "expanded_url": "http://telegram.me/la_patilla"}]}}, "location": "Venezuela", "verified": true, "following": false, "protected": false, "time_zone": null, "created_at": "Thu Mar 18 14:02:00 +0000 2010", "utc_offset": null, "description": "Informaci\u00f3n e Investigaci\u00f3n. Tambi\u00e9n puedes encontrarnos en Instagram: https://t.co/sCftVquHBX y Telegram: https://t.co/X5c1QH76Kt \ud83d\udcf2", "geo_enabled": false, "screen_name": "la_patilla", "listed_count": 16487, "friends_count": 163, "is_translator": false, "notifications": false, "statuses_count": 4548893, "default_profile": false, "followers_count": 6985187, "translator_type": "none", "favourites_count": 593, "profile_image_url": "http://pbs.twimg.com/profile_images/1099169139208400896/lCWhSASv_normal.jpg", "profile_banner_url": "https://pbs.twimg.com/profile_banners/124172948/1500301243", "profile_link_color": "FF0000", "profile_text_color": "474747", "follow_request_sent": false, "contributors_enabled": false, "has_extended_profile": false, "default_profile_image": false, "is_translation_enabled": true, "profile_background_tile": false, "profile_image_url_https": "https://pbs.twimg.com/profile_images/1099169139208400896/lCWhSASv_normal.jpg", "profile_background_color": "FFFFFF", "profile_sidebar_fill_color": "FAFAFA", "profile_background_image_url": "http://abs.twimg.com/images/themes/theme1/bg.png", "profile_sidebar_border_color": "FFFFFF", "profile_use_background_image": true, "profile_background_image_url_https": "https://abs.twimg.com/images/themes/theme1/bg.png"}, "place": null, "id_str": "1028251753022726145", "source": "<a href=\"http://publicize.wp.com/\" rel=\"nofollow\">WordPress.com</a>", "entities": {"urls": [{"url": "https://t.co/D48CDqQYOE", "indices": [88, 111], "display_url": "lapatilla.com/2018/08/11/con\u2026", "expanded_url": "https://www.lapatilla.com/2018/08/11/convocan-a-concentracion-en-la-plaza-brion-de-chacaito-en-apoyo-a-juan-requesens-11ago/"}], "media": [{"id": 1028251751210672129, "url": "https://t.co/T52wYsdIay", "type": "photo", "sizes": {"large": {"h": 682, "w": 1024, "resize": "fit"}, "small": {"h": 453, "w": 680, "resize": "fit"}, "thumb": {"h": 150, "w": 150, "resize": "crop"}, "medium": {"h": 682, "w": 1024, "resize": "fit"}}, "id_str": "1028251751210672129", "indices": [112, 135], "media_url": "http://pbs.twimg.com/media/DkUVhRKV4AEOOxk.jpg", "display_url": "pic.twitter.com/T52wYsdIay", "expanded_url": "https://twitter.com/la_patilla/status/1028251753022726145/photo/1", "media_url_https": "https://pbs.twimg.com/media/DkUVhRKV4AEOOxk.jpg"}], "symbols": [], "hashtags": [{"text": "11Ago", "indices": [81, 87]}], "user_mentions": []}, "favorited": false, "retweeted": false, "truncated": false, "created_at": "Sat Aug 11 12:08:16 +0000 2018", "coordinates": null, "contributors": null, "retweet_count": 61, "favorite_count": 36, "is_quote_status": false, "extended_entities": {"media": [{"id": 1028251751210672129, "url": "https://t.co/T52wYsdIay", "type": "photo", "sizes": {"large": {"h": 682, "w": 1024, "resize": "fit"}, "small": {"h": 453, "w": 680, "resize": "fit"}, "thumb": {"h": 150, "w": 150, "resize": "crop"}, "medium": {"h": 682, "w": 1024, "resize": "fit"}}, "id_str": "1028251751210672129", "indices": [112, 135], "media_url": "http://pbs.twimg.com/media/DkUVhRKV4AEOOxk.jpg", "display_url": "pic.twitter.com/T52wYsdIay", "expanded_url": "https://twitter.com/la_patilla/status/1028251753022726145/photo/1", "media_url_https": "https://pbs.twimg.com/media/DkUVhRKV4AEOOxk.jpg"}]}, "possibly_sensitive": false, "in_reply_to_user_id": null, "in_reply_to_status_id": null, "in_reply_to_screen_name": null, "in_reply_to_user_id_str": null, "in_reply_to_status_id_str": null}, "possibly_sensitive": false, "in_reply_to_user_id": null, "in_reply_to_status_id": null, "in_reply_to_screen_name": null, "in_reply_to_user_id_str": null, "in_reply_to_status_id_str": null}