{"id": 930090835261231112, "lang": "ca", "text": "RT @diariARA: Oriol Soler confirma reuni\u00f3 amb Assange  a Londres per\u00f2 la deslliga del proc\u00e9s catal\u00e0 https://t.co/Y5IRjNOMWG", "urls": [{"url": "https://t.co/Y5IRjNOMWG", "expanded_url": "https://ara.cat/_70f87292?s=t#msgId_76111"}], "user": {"id": 388983706}, "id_str": "930090835261231112", "source": "<a href=\"http://twitter.com\" rel=\"nofollow\">Twitter Web Client</a>", "deleted": false, "hashtags": [], "retrieved": "2018-09-26--22-28-56", "created_at": "Mon Nov 13 15:11:50 +0000 2017", "retweet_count": 85, "user_mentions": [{"id": 169538164, "name": "Diari ARA", "screen_name": "diariARA"}], "legacy_imported": true, "retweeted_status": {"id": 930056221100576768, "lang": "ca", "text": "Oriol Soler confirma reuni\u00f3 amb Assange  a Londres per\u00f2 la deslliga del proc\u00e9s catal\u00e0 https://t.co/Y5IRjNOMWG", "urls": [{"url": "https://t.co/Y5IRjNOMWG", "expanded_url": "https://ara.cat/_70f87292?s=t#msgId_76111"}], "user": {"id": 169538164}, "id_str": "930056221100576768", "source": "<a href=\"http://www.ara.cat\" rel=\"nofollow\">Ara.cat - Minut a minut</a>", "hashtags": [], "created_at": "Mon Nov 13 12:54:17 +0000 2017", "retweet_count": 85, "user_mentions": [], "favorite_count": 104}}