{"id": 930087857653518336, "lang": "es", "text": "Parece que la UE est\u00e1 a punto de matar el modelo comercial de TVE, ABC, El Pa\u00eds, La Raz\u00f3n y Es Diario.\nhttps://t.co/KYu1rh4QbA", "urls": [{"url": "https://t.co/KYu1rh4QbA", "expanded_url": "http://www.europapress.es/internacional/noticia-bruselas-explora-medidas-frenar-trafico-noticias-falsas-favorecer-acceso-informacion-veraz-20171113122008.html"}], "user": {"id": 388983706}, "id_str": "930087857653518336", "source": "<a href=\"http://twitter.com\" rel=\"nofollow\">Twitter Web Client</a>", "deleted": false, "hashtags": [], "retrieved": "2018-09-26--22-28-56", "created_at": "Mon Nov 13 15:00:00 +0000 2017", "retweet_count": 4709, "user_mentions": [], "favorite_count": 5418, "legacy_imported": true}