{"id": 920045554142507008, "lang": "ca", "text": "\"Assange diu que Espanya t\u00e9 'presos pol\u00edtics' gr\u00e0cies al 'xec en blanc' de Juncker\" https://t.co/gsU3eNzk0I", "urls": [{"url": "https://t.co/gsU3eNzk0I", "expanded_url": "http://elmon.cat/politica/assange-diu-que-espanya-presos-politics-gracies-al-xec-blanc-juncker"}], "user": {"id": 388983706}, "id_str": "920045554142507008", "source": "<a href=\"http://twitter.com\" rel=\"nofollow\">Twitter Web Client</a>", "deleted": false, "hashtags": [], "retrieved": "2018-07-20--09-08-33", "created_at": "Mon Oct 16 21:55:28 +0000 2017", "retweet_count": 5537, "user_mentions": [], "favorite_count": 5840, "legacy_imported": true}