{"id": 900851829231296512, "lang": "es", "text": "RT @CorteIDH: La Asociaci\u00f3n Interamericana de Defensor\u00edas P\u00fablicas (AIDEF) hace su exposici\u00f3n Sra. Marta Iris Mu\u00f1oz.  https://t.co/Zj0tCmK8\u2026", "urls": [], "user": {"id": 388983706}, "id_str": "900851829231296512", "source": "<a href=\"http://twitter.com\" rel=\"nofollow\">Twitter Web Client</a>", "deleted": false, "hashtags": [], "retrieved": "2018-02-06--00-42-11", "created_at": "Thu Aug 24 22:46:27 +0000 2017", "retweet_count": 41, "user_mentions": [{"id": 190706828, "name": "Corte Interamericana", "screen_name": "CorteIDH"}], "legacy_imported": true, "retweeted_status": {"id": 900851016278605825, "lang": "es", "text": "La Asociaci\u00f3n Interamericana de Defensor\u00edas P\u00fablicas (AIDEF) hace su exposici\u00f3n Sra. Marta Iris Mu\u00f1oz.\u2026 https://t.co/ShTa6JRm36", "urls": [{"url": "https://t.co/ShTa6JRm36", "expanded_url": "https://twitter.com/i/web/status/900851016278605825"}], "user": {"id": 190706828}, "place": {"id": "2dfa9ecb0179a4e4", "url": "https://api.twitter.com/1.1/geo/id/2dfa9ecb0179a4e4.json", "name": "Peru", "country": "Peru", "full_name": "Peru", "attributes": {}, "place_type": "country", "bounding_box": {"type": "Polygon", "coordinates": [[[-81.3281479193672, -18.3497280290367], [-68.6730880806328, -18.3497280290367], [-68.6730880806328, -0.0388399739132714], [-81.3281479193672, -0.0388399739132714]]]}, "country_code": "PE", "contained_within": []}, "id_str": "900851016278605825", "source": "<a href=\"http://twitter.com\" rel=\"nofollow\">Twitter Web Client</a>", "hashtags": [], "truncated": true, "created_at": "Thu Aug 24 22:43:13 +0000 2017", "retweet_count": 41, "user_mentions": [], "favorite_count": 70}}