{"id": 1026856741483552768, "geo": null, "lang": "ca", "text": "RT @VilaWeb: El president de l\u2019Equador amena\u00e7a Julian Assange de 'prendre mesures' si parla de Catalunya https://t.co/FQyT10sBor", "user": {"id": 388983706, "url": "https://t.co/HUZXCpqm6r", "lang": "en", "name": "Defend Assange Campaign", "id_str": "388983706", "entities": {"url": {"urls": [{"url": "https://t.co/HUZXCpqm6r", "indices": [0, 23], "display_url": "defend.wikileaks.org", "expanded_url": "https://defend.wikileaks.org/"}]}, "description": {"urls": []}}, "location": "London, England", "verified": false, "following": true, "protected": false, "time_zone": null, "created_at": "Tue Oct 11 17:17:44 +0000 2011", "utc_offset": null, "description": "Account run by the legal campaign to free Julian Assange", "geo_enabled": false, "screen_name": "DefendAssange", "listed_count": 4204, "friends_count": 106, "is_translator": false, "notifications": false, "statuses_count": 8838, "default_profile": true, "followers_count": 722102, "translator_type": "none", "favourites_count": 518, "profile_image_url": "http://pbs.twimg.com/profile_images/1010537993130651648/YX6LT1Ej_normal.jpg", "profile_banner_url": "https://pbs.twimg.com/profile_banners/388983706/1513066094", "profile_link_color": "1DA1F2", "profile_text_color": "333333", "follow_request_sent": false, "contributors_enabled": false, "has_extended_profile": true, "default_profile_image": false, "is_translation_enabled": false, "profile_background_tile": false, "profile_image_url_https": "https://pbs.twimg.com/profile_images/1010537993130651648/YX6LT1Ej_normal.jpg", "profile_background_color": "C0DEED", "profile_sidebar_fill_color": "DDEEF6", "profile_background_image_url": "http://abs.twimg.com/images/themes/theme1/bg.png", "profile_sidebar_border_color": "C0DEED", "profile_use_background_image": true, "profile_background_image_url_https": "https://abs.twimg.com/images/themes/theme1/bg.png"}, "place": null, "id_str": "1026856741483552768", "source": "<a href=\"http://twitter.com\" rel=\"nofollow\">Twitter Web Client</a>", "entities": {"urls": [{"url": "https://t.co/FQyT10sBor", "indices": [105, 128], "display_url": "vilaweb.cat/noticies/el-pr\u2026", "expanded_url": "https://www.vilaweb.cat/noticies/el-president-de-lequador-amenaca-julian-assange-de-prendre-mesures-si-parla-de-catalunya/"}], "symbols": [], "hashtags": [], "user_mentions": [{"id": 151085945, "name": "VilaWeb", "id_str": "151085945", "indices": [3, 11], "screen_name": "VilaWeb"}]}, "favorited": false, "retweeted": false, "truncated": false, "created_at": "Tue Aug 07 15:44:59 +0000 2018", "coordinates": null, "contributors": null, "retweet_count": 153, "favorite_count": 0, "is_quote_status": false, "retweeted_status": {"id": 1026855504872656896, "geo": null, "lang": "ca", "text": "El president de l\u2019Equador amena\u00e7a Julian Assange de 'prendre mesures' si parla de Catalunya https://t.co/FQyT10sBor", "user": {"id": 151085945, "url": "http://www.vilaweb.cat", "lang": "ca", "name": "VilaWeb", "id_str": "151085945", "entities": {"url": {"urls": [{"url": "http://www.vilaweb.cat", "indices": [0, 22], "expanded_url": null}]}, "description": {"urls": [{"url": "http://t.co/1LwN5aS8iV", "indices": [103, 125], "display_url": "vilaweb.cat/english", "expanded_url": "http://www.vilaweb.cat/english"}]}}, "location": "Catalunya", "verified": false, "following": false, "protected": false, "time_zone": null, "created_at": "Wed Jun 02 15:27:50 +0000 2010", "utc_offset": null, "description": "El primer diari electr\u00f2nic en catal\u00e0,  des del 1995 - Dirigit per @vpartal - Edici\u00f3 global en angl\u00e8s a http://t.co/1LwN5aS8iV", "geo_enabled": false, "screen_name": "VilaWeb", "listed_count": 3809, "friends_count": 5332, "is_translator": false, "notifications": false, "statuses_count": 244293, "default_profile": false, "followers_count": 265376, "translator_type": "regular", "favourites_count": 69, "profile_image_url": "http://pbs.twimg.com/profile_images/898523610104696834/3Ta80vS__normal.jpg", "profile_banner_url": "https://pbs.twimg.com/profile_banners/151085945/1401477761", "profile_link_color": "FF6600", "profile_text_color": "333333", "follow_request_sent": false, "contributors_enabled": false, "has_extended_profile": false, "default_profile_image": false, "is_translation_enabled": false, "profile_background_tile": false, "profile_image_url_https": "https://pbs.twimg.com/profile_images/898523610104696834/3Ta80vS__normal.jpg", "profile_background_color": "FF6600", "profile_sidebar_fill_color": "FCE1B6", "profile_background_image_url": "http://abs.twimg.com/images/themes/theme1/bg.png", "profile_sidebar_border_color": "000000", "profile_use_background_image": true, "profile_background_image_url_https": "https://abs.twimg.com/images/themes/theme1/bg.png"}, "place": null, "id_str": "1026855504872656896", "source": "<a href=\"https://www.hootsuite.com\" rel=\"nofollow\">Hootsuite Inc.</a>", "entities": {"urls": [{"url": "https://t.co/FQyT10sBor", "indices": [92, 115], "display_url": "vilaweb.cat/noticies/el-pr\u2026", "expanded_url": "https://www.vilaweb.cat/noticies/el-president-de-lequador-amenaca-julian-assange-de-prendre-mesures-si-parla-de-catalunya/"}], "symbols": [], "hashtags": [], "user_mentions": []}, "favorited": false, "retweeted": false, "truncated": false, "created_at": "Tue Aug 07 15:40:05 +0000 2018", "coordinates": null, "contributors": null, "retweet_count": 153, "favorite_count": 86, "is_quote_status": false, "possibly_sensitive": false, "in_reply_to_user_id": null, "in_reply_to_status_id": null, "in_reply_to_screen_name": null, "in_reply_to_user_id_str": null, "in_reply_to_status_id_str": null}, "possibly_sensitive": false, "in_reply_to_user_id": null, "in_reply_to_status_id": null, "in_reply_to_screen_name": null, "in_reply_to_user_id_str": null, "in_reply_to_status_id_str": null}