{"id": 1022738245329793025, "geo": null, "lang": "es", "text": "RT @ErnestoEkaizer: #1O Julian Assange. NO CONSTA seg\u00fan la Unidad de Apoyo de la Fiscal\u00eda General del Estado que\nAssange, contra acusacione\u2026", "user": {"id": 388983706, "url": "https://www.iamwikileaks.org/donate/", "lang": "en", "name": "#FreeAssange! (tweets by campaign)\u231b", "id_str": "388983706", "location": "Ecuadorian embassy, London", "verified": false, "following": null, "protected": false, "time_zone": null, "created_at": "Tue Oct 11 17:17:44 +0000 2011", "utc_offset": null, "description": "Due to US pressure on Ecuador, Julian Assange has been isolated from visitors, press & communications. US, UK seek his arrest. Account run by legal campaign.", "geo_enabled": false, "screen_name": "JulianAssange", "listed_count": 4145, "friends_count": 40, "is_translator": false, "notifications": null, "statuses_count": 6402, "default_profile": true, "followers_count": 792085, "translator_type": "none", "favourites_count": 124, "profile_image_url": "http://pbs.twimg.com/profile_images/1010537993130651648/YX6LT1Ej_normal.jpg", "profile_banner_url": "https://pbs.twimg.com/profile_banners/388983706/1513066094", "profile_link_color": "1DA1F2", "profile_text_color": "333333", "follow_request_sent": null, "contributors_enabled": false, "default_profile_image": false, "profile_background_tile": false, "profile_image_url_https": "https://pbs.twimg.com/profile_images/1010537993130651648/YX6LT1Ej_normal.jpg", "profile_background_color": "C0DEED", "profile_sidebar_fill_color": "DDEEF6", "profile_background_image_url": "http://abs.twimg.com/images/themes/theme1/bg.png", "profile_sidebar_border_color": "C0DEED", "profile_use_background_image": true, "profile_background_image_url_https": "https://abs.twimg.com/images/themes/theme1/bg.png"}, "place": null, "id_str": "1022738245329793025", "source": "<a href=\"http://twitter.com\" rel=\"nofollow\">Twitter Web Client</a>", "deleted": true, "entities": {"urls": [], "symbols": [], "hashtags": [{"text": "1O", "indices": [20, 23]}], "user_mentions": [{"id": 2830130933, "name": "Ernesto Ekaizer", "id_str": "2830130933", "indices": [3, 18], "screen_name": "ErnestoEkaizer"}]}, "favorited": false, "retrieved": "2018-07-27--06-59-34", "retweeted": false, "truncated": false, "created_at": "Fri Jul 27 06:59:33 +0000 2018", "coordinates": null, "quote_count": 0, "reply_count": 0, "contributors": null, "filter_level": "low", "timestamp_ms": "1532674773901", "retweet_count": 0, "favorite_count": 0, "is_quote_status": false, "legacy_imported": true, "retweeted_status": {"id": 1022420657030737922, "geo": null, "lang": "es", "text": "#1O Julian Assange. NO CONSTA seg\u00fan la Unidad de Apoyo de la Fiscal\u00eda General del Estado que\nAssange, contra acusac\u2026 https://t.co/QPQNFOfZV9", "user": {"id": 2830130933, "url": null, "lang": "es", "name": "Ernesto Ekaizer", "id_str": "2830130933", "location": "Madrid", "verified": false, "following": null, "protected": false, "time_zone": null, "created_at": "Tue Oct 14 19:07:10 +0000 2014", "utc_offset": null, "description": "Escritor y periodista. Analista y reportero en los diarios EL PA\u00cdS y ARA; Las Ma\u00f1anas Cuatro, TeleMadrid, la SER,  Versi\u00f3 RAC1 y Boulevard Radio Euskadi.", "geo_enabled": true, "screen_name": "ErnestoEkaizer", "listed_count": 1568, "friends_count": 75, "is_translator": false, "notifications": null, "statuses_count": 30012, "default_profile": true, "followers_count": 182092, "translator_type": "none", "favourites_count": 497, "profile_image_url": "http://pbs.twimg.com/profile_images/636954162723430400/5M4mqZzN_normal.jpg", "profile_banner_url": "https://pbs.twimg.com/profile_banners/2830130933/1455126239", "profile_link_color": "1DA1F2", "profile_text_color": "333333", "follow_request_sent": null, "contributors_enabled": false, "default_profile_image": false, "profile_background_tile": false, "profile_image_url_https": "https://pbs.twimg.com/profile_images/636954162723430400/5M4mqZzN_normal.jpg", "profile_background_color": "C0DEED", "profile_sidebar_fill_color": "DDEEF6", "profile_background_image_url": "http://abs.twimg.com/images/themes/theme1/bg.png", "profile_sidebar_border_color": "C0DEED", "profile_use_background_image": true, "profile_background_image_url_https": "https://abs.twimg.com/images/themes/theme1/bg.png"}, "place": null, "id_str": "1022420657030737922", "source": "<a href=\"http://twitter.com/download/android\" rel=\"nofollow\">Twitter for Android</a>", "entities": {"urls": [{"url": "https://t.co/QPQNFOfZV9", "indices": [117, 140], "display_url": "twitter.com/i/web/status/1\u2026", "expanded_url": "https://twitter.com/i/web/status/1022420657030737922"}], "symbols": [], "hashtags": [{"text": "1O", "indices": [0, 3]}], "user_mentions": []}, "favorited": false, "retweeted": false, "truncated": true, "created_at": "Thu Jul 26 09:57:34 +0000 2018", "coordinates": null, "quote_count": 20, "reply_count": 33, "contributors": null, "filter_level": "low", "retweet_count": 863, "extended_tweet": {"entities": {"urls": [], "symbols": [], "hashtags": [{"text": "1O", "indices": [0, 3]}], "user_mentions": []}, "full_text": "#1O Julian Assange. NO CONSTA seg\u00fan la Unidad de Apoyo de la Fiscal\u00eda General del Estado que\nAssange, contra acusaciones, cobrara nada de la Generalitat por sus opiniones favorables al refer\u00e9ndum y a la independencia de Catalu\u00f1a.", "display_text_range": [0, 229]}, "favorite_count": 1369, "is_quote_status": false, "in_reply_to_user_id": null, "in_reply_to_status_id": null, "in_reply_to_screen_name": null, "in_reply_to_user_id_str": null, "in_reply_to_status_id_str": null}, "in_reply_to_user_id": null, "in_reply_to_status_id": null, "in_reply_to_screen_name": null, "in_reply_to_user_id_str": null, "in_reply_to_status_id_str": null}