{"id": 1641364445828984834, "geo": null, "lang": "art", "text": "\ud83d\udc4b https://t.co/EuVWHy4Amk", "user": {"id": 36042554, "url": "https://t.co/vi7yfrg3iw", "lang": null, "name": "The Royal Family", "id_str": "36042554", "entities": {"url": {"urls": [{"url": "https://t.co/vi7yfrg3iw", "indices": [0, 23], "display_url": "royal.uk", "expanded_url": "http://www.royal.uk"}]}, "description": {"urls": []}}, "location": "United Kingdom", "verified": true, "following": true, "protected": false, "time_zone": null, "created_at": "Tue Apr 28 11:31:02 +0000 2009", "utc_offset": null, "description": "The latest news and updates on the work of The King, The Queen Consort and The Royal Family.", "geo_enabled": true, "screen_name": "RoyalFamily", "listed_count": 10594, "friends_count": 459, "is_translator": false, "notifications": false, "statuses_count": 37963, "default_profile": false, "followers_count": 5732048, "translator_type": "none", "favourites_count": 3924, "profile_image_url": "http://pbs.twimg.com/profile_images/1592164713856647168/greT-1IG_normal.jpg", "profile_banner_url": "https://pbs.twimg.com/profile_banners/36042554/1668436649", "profile_link_color": "0089B3", "profile_text_color": "333333", "follow_request_sent": false, "contributors_enabled": false, "has_extended_profile": true, "default_profile_image": false, "withheld_in_countries": [], "is_translation_enabled": false, "profile_background_tile": false, "profile_image_url_https": "https://pbs.twimg.com/profile_images/1592164713856647168/greT-1IG_normal.jpg", "profile_background_color": "632B36", "profile_sidebar_fill_color": "DDFFCC", "profile_background_image_url": "http://abs.twimg.com/images/themes/theme1/bg.png", "profile_sidebar_border_color": "FFFFFF", "profile_use_background_image": false, "profile_background_image_url_https": "https://abs.twimg.com/images/themes/theme1/bg.png"}, "place": null, "id_str": "1641364445828984834", "source": "<a href=\"http://twitter.com/download/iphone\" rel=\"nofollow\">Twitter for iPhone</a>", "entities": {"urls": [{"url": "https://t.co/EuVWHy4Amk", "indices": [2, 25], "display_url": "twitter.com/Team_Luftwaffe\u2026", "expanded_url": "https://twitter.com/Team_Luftwaffe/status/1641150220934184991"}], "symbols": [], "hashtags": [], "user_mentions": []}, "favorited": false, "retweeted": false, "truncated": false, "created_at": "Thu Mar 30 08:59:13 +0000 2023", "coordinates": null, "contributors": null, "quoted_status": {"id": 1641150220934184991, "geo": null, "lang": "de", "text": "Es war uns eine Ehre, K\u00f6nig Charles der @RoyalFamily heute beim Einflug in den deutschen Luftraum zu begr\u00fc\u00dfen und b\u2026 https://t.co/GySdUvih6k", "user": {"id": 1083628690393698305, "url": "https://t.co/zFpJa4lwuh", "lang": null, "name": "Team Luftwaffe", "id_str": "1083628690393698305", "entities": {"url": {"urls": [{"url": "https://t.co/zFpJa4lwuh", "indices": [0, 23], "display_url": "luftwaffe.de", "expanded_url": "http://www.luftwaffe.de"}]}, "description": {"urls": []}}, "location": "", "verified": true, "following": false, "protected": false, "time_zone": null, "created_at": "Fri Jan 11 07:36:27 +0000 2019", "utc_offset": null, "description": "Offizieller Auftritt der Luftwaffe", "geo_enabled": true, "screen_name": "Team_Luftwaffe", "listed_count": 510, "friends_count": 51, "is_translator": false, "notifications": false, "statuses_count": 5710, "default_profile": true, "followers_count": 91847, "translator_type": "none", "favourites_count": 3113, "profile_image_url": "http://pbs.twimg.com/profile_images/1393072709588897793/cbzbEo2S_normal.jpg", "profile_banner_url": "https://pbs.twimg.com/profile_banners/1083628690393698305/1679760076", "profile_link_color": "1DA1F2", "profile_text_color": "333333", "follow_request_sent": false, "contributors_enabled": false, "has_extended_profile": false, "default_profile_image": false, "withheld_in_countries": [], "is_translation_enabled": false, "profile_background_tile": false, "profile_image_url_https": "https://pbs.twimg.com/profile_images/1393072709588897793/cbzbEo2S_normal.jpg", "profile_background_color": "F5F8FA", "profile_sidebar_fill_color": "DDEEF6", "profile_background_image_url": null, "profile_sidebar_border_color": "C0DEED", "profile_use_background_image": true, "profile_background_image_url_https": null}, "place": null, "id_str": "1641150220934184991", "source": "<a href=\"http://twitter.com/download/android\" rel=\"nofollow\">Twitter for Android</a>", "entities": {"urls": [{"url": "https://t.co/GySdUvih6k", "indices": [117, 140], "display_url": "twitter.com/i/web/status/1\u2026", "expanded_url": "https://twitter.com/i/web/status/1641150220934184991"}], "symbols": [], "hashtags": [], "user_mentions": [{"id": 36042554, "name": "The Royal Family", "id_str": "36042554", "indices": [40, 52], "screen_name": "RoyalFamily"}]}, "favorited": false, "retweeted": false, "truncated": true, "created_at": "Wed Mar 29 18:47:58 +0000 2023", "coordinates": null, "contributors": null, "retweet_count": 425, "favorite_count": 4838, "is_quote_status": false, "possibly_sensitive": false, "in_reply_to_user_id": null, "in_reply_to_status_id": null, "in_reply_to_screen_name": null, "in_reply_to_user_id_str": null, "in_reply_to_status_id_str": null}, "retweet_count": 218, "favorite_count": 2501, "is_quote_status": true, "quoted_status_id": 1641150220934184991, "possibly_sensitive": false, "in_reply_to_user_id": null, "quoted_status_id_str": "1641150220934184991", "in_reply_to_status_id": null, "in_reply_to_screen_name": null, "in_reply_to_user_id_str": null, "in_reply_to_status_id_str": null}