{"id": 788461258827628544, "lang": "es", "text": "RT @GolfChannelLA: Ampliaci\u00f3n: Lorena Ochoa ser\u00e1 exaltada al Sal\u00f3n de la Fama del Golf Mundial en 2017: https://t.co/O9nhApoBXV https://t.c\u2026", "urls": [{"url": "https://t.co/O9nhApoBXV", "expanded_url": "http://bit.ly/2ej4vGY"}], "user": {"id": 26829777}, "id_str": "788461258827628544", "source": "<a href=\"http://twitter.com/#!/download/ipad\" rel=\"nofollow\">Twitter for iPad</a>", "deleted": false, "hashtags": [], "retrieved": "2017-07-23--05-17-50", "created_at": "Tue Oct 18 19:26:27 +0000 2016", "retweet_count": 13, "user_mentions": [{"id": 408544959, "name": "Golf Channel LA", "screen_name": "GolfChannelLA"}], "legacy_imported": true, "retweeted_status": {"id": 788460569208774656, "lang": "es", "text": "Ampliaci\u00f3n: Lorena Ochoa ser\u00e1 exaltada al Sal\u00f3n de la Fama del Golf Mundial en 2017: https://t.co/O9nhApoBXV https://t.co/jqOAlmV5iV", "urls": [{"url": "https://t.co/O9nhApoBXV", "expanded_url": "http://bit.ly/2ej4vGY"}], "user": {"id": 408544959}, "media": [{"id": 788460557313708032, "url": "https://t.co/jqOAlmV5iV", "type": "photo", "sizes": {"large": {"h": 1125, "w": 2000, "resize": "fit"}, "small": {"h": 383, "w": 680, "resize": "fit"}, "thumb": {"h": 150, "w": 150, "resize": "crop"}, "medium": {"h": 675, "w": 1200, "resize": "fit"}}, "media_url": "http://pbs.twimg.com/media/CvEssw4XEAA1jkX.jpg", "display_url": "pic.twitter.com/jqOAlmV5iV", "expanded_url": "https://twitter.com/GolfChannelLA/status/788460569208774656/photo/1", "media_url_https": "https://pbs.twimg.com/media/CvEssw4XEAA1jkX.jpg"}], "id_str": "788460569208774656", "source": "<a href=\"http://twitter.com\" rel=\"nofollow\">Twitter Web Client</a>", "hashtags": [], "created_at": "Tue Oct 18 19:23:43 +0000 2016", "retweet_count": 13, "user_mentions": [], "favorite_count": 13}}