{"id": 1073361802166185989, "geo": null, "lang": "es", "text": "RT @mediatelecom: El comisionado de la FCC, @BrendanCarrFCC, declar\u00f3 que 2019 ser\u00e1 el a\u00f1o de 5G https://t.co/7mAwxkKLgs https://t.co/EarlBs\u2026", "user": {"id": 2651190312, "url": "https://t.co/HrNEj0Udzu", "lang": "en", "name": "Brendan Carr", "id_str": "2651190312", "entities": {"url": {"urls": [{"url": "https://t.co/HrNEj0Udzu", "indices": [0, 23], "display_url": "fcc.gov/about/leadersh\u2026", "expanded_url": "https://www.fcc.gov/about/leadership/brendan-carr"}]}, "description": {"urls": []}}, "location": "Washington DC", "verified": true, "following": true, "protected": false, "time_zone": null, "created_at": "Wed Jul 16 14:23:50 +0000 2014", "utc_offset": null, "description": "Commissioner - Federal Communications Commission", "geo_enabled": true, "screen_name": "BrendanCarrFCC", "listed_count": 125, "friends_count": 636, "is_translator": false, "notifications": false, "statuses_count": 2668, "default_profile": true, "followers_count": 6448, "translator_type": "none", "favourites_count": 1850, "profile_image_url": "http://pbs.twimg.com/profile_images/897829527665090560/ZcrsepeH_normal.jpg", "profile_banner_url": "https://pbs.twimg.com/profile_banners/2651190312/1532028298", "profile_link_color": "1DA1F2", "profile_text_color": "333333", "follow_request_sent": false, "contributors_enabled": false, "has_extended_profile": true, "default_profile_image": false, "is_translation_enabled": false, "profile_background_tile": false, "profile_image_url_https": "https://pbs.twimg.com/profile_images/897829527665090560/ZcrsepeH_normal.jpg", "profile_background_color": "C0DEED", "profile_sidebar_fill_color": "DDEEF6", "profile_background_image_url": "http://abs.twimg.com/images/themes/theme1/bg.png", "profile_sidebar_border_color": "C0DEED", "profile_use_background_image": true, "profile_background_image_url_https": "https://abs.twimg.com/images/themes/theme1/bg.png"}, "place": null, "id_str": "1073361802166185989", "source": "<a href=\"http://twitter.com/download/iphone\" rel=\"nofollow\">Twitter for iPhone</a>", "entities": {"urls": [{"url": "https://t.co/7mAwxkKLgs", "indices": [96, 119], "display_url": "bit.ly/2LfsAKX", "expanded_url": "http://bit.ly/2LfsAKX"}], "symbols": [], "hashtags": [], "user_mentions": [{"id": 2651190312, "name": "Brendan Carr", "id_str": "2651190312", "indices": [44, 59], "screen_name": "BrendanCarrFCC"}]}, "favorited": false, "retweeted": false, "truncated": false, "created_at": "Thu Dec 13 23:39:30 +0000 2018", "coordinates": null, "contributors": null, "retweet_count": 6, "favorite_count": 0, "is_quote_status": false, "retweeted_status": {"id": 1073360921425338368, "geo": null, "lang": "es", "text": "El comisionado de la FCC, @BrendanCarrFCC, declar\u00f3 que 2019 ser\u00e1 el a\u00f1o de 5G https://t.co/7mAwxkKLgs https://t.co/EarlBsTh16", "user": {"id": 143988782, "url": "https://t.co/zER220npNr", "lang": "es", "name": "DPLNews", "id_str": "143988782", "entities": {"url": {"urls": [{"url": "https://t.co/zER220npNr", "indices": [0, 23], "display_url": "digitalpolicylaw.com", "expanded_url": "https://digitalpolicylaw.com/"}]}, "description": {"urls": []}}, "location": "", "verified": false, "following": false, "protected": false, "time_zone": null, "created_at": "Sat May 15 00:29:11 +0000 2010", "utc_offset": null, "description": "Somos una agencia informativa especializada en el ecosistema digital.", "geo_enabled": true, "screen_name": "dpl_news", "listed_count": 578, "friends_count": 1012, "is_translator": false, "notifications": false, "statuses_count": 183686, "default_profile": false, "followers_count": 12683, "translator_type": "none", "favourites_count": 589, "profile_image_url": "http://pbs.twimg.com/profile_images/1100729880852025345/YaetWD9V_normal.png", "profile_banner_url": "https://pbs.twimg.com/profile_banners/143988782/1551269563", "profile_link_color": "07B1DB", "profile_text_color": "181A16", "follow_request_sent": false, "contributors_enabled": false, "has_extended_profile": false, "default_profile_image": false, "is_translation_enabled": false, "profile_background_tile": false, "profile_image_url_https": "https://pbs.twimg.com/profile_images/1100729880852025345/YaetWD9V_normal.png", "profile_background_color": "F7F7F7", "profile_sidebar_fill_color": "6B6856", "profile_background_image_url": "http://abs.twimg.com/images/themes/theme15/bg.png", "profile_sidebar_border_color": "FFFFFF", "profile_use_background_image": true, "profile_background_image_url_https": "https://abs.twimg.com/images/themes/theme15/bg.png"}, "place": null, "id_str": "1073360921425338368", "source": "<a href=\"https://about.twitter.com/products/tweetdeck\" rel=\"nofollow\">TweetDeck</a>", "entities": {"urls": [{"url": "https://t.co/7mAwxkKLgs", "indices": [78, 101], "display_url": "bit.ly/2LfsAKX", "expanded_url": "http://bit.ly/2LfsAKX"}], "media": [{"id": 1073339173648490498, "url": "https://t.co/EarlBsTh16", "type": "photo", "sizes": {"large": {"h": 660, "w": 1200, "resize": "fit"}, "small": {"h": 374, "w": 680, "resize": "fit"}, "thumb": {"h": 150, "w": 150, "resize": "crop"}, "medium": {"h": 660, "w": 1200, "resize": "fit"}}, "id_str": "1073339173648490498", "indices": [102, 125], "media_url": "http://pbs.twimg.com/media/DuVESqjUYAILUdC.jpg", "display_url": "pic.twitter.com/EarlBsTh16", "expanded_url": "https://twitter.com/mediatelecom/status/1073360921425338368/photo/1", "media_url_https": "https://pbs.twimg.com/media/DuVESqjUYAILUdC.jpg"}], "symbols": [], "hashtags": [], "user_mentions": [{"id": 2651190312, "name": "Brendan Carr", "id_str": "2651190312", "indices": [26, 41], "screen_name": "BrendanCarrFCC"}]}, "favorited": false, "retweeted": false, "truncated": false, "created_at": "Thu Dec 13 23:36:00 +0000 2018", "coordinates": null, "contributors": null, "retweet_count": 6, "favorite_count": 3, "is_quote_status": false, "extended_entities": {"media": [{"id": 1073339173648490498, "url": "https://t.co/EarlBsTh16", "type": "photo", "sizes": {"large": {"h": 660, "w": 1200, "resize": "fit"}, "small": {"h": 374, "w": 680, "resize": "fit"}, "thumb": {"h": 150, "w": 150, "resize": "crop"}, "medium": {"h": 660, "w": 1200, "resize": "fit"}}, "id_str": "1073339173648490498", "indices": [102, 125], "media_url": "http://pbs.twimg.com/media/DuVESqjUYAILUdC.jpg", "display_url": "pic.twitter.com/EarlBsTh16", "expanded_url": "https://twitter.com/mediatelecom/status/1073360921425338368/photo/1", "media_url_https": "https://pbs.twimg.com/media/DuVESqjUYAILUdC.jpg"}]}, "possibly_sensitive": false, "in_reply_to_user_id": null, "in_reply_to_status_id": null, "in_reply_to_screen_name": null, "in_reply_to_user_id_str": null, "in_reply_to_status_id_str": null}, "possibly_sensitive": false, "in_reply_to_user_id": null, "in_reply_to_status_id": null, "in_reply_to_screen_name": null, "in_reply_to_user_id_str": null, "in_reply_to_status_id_str": null}