{"id": 1390670445343612931, "geo": null, "lang": "pt", "text": "RT @TheInterceptBr: Andr\u00e9 mora no Jacarezinho. Ontem, a pol\u00edcia assassinou uma pessoa no quarto de sua filha. \"Como uma crian\u00e7a vai crescer\u2026", "user": {"id": 23839835, "url": "http://theintercept.com", "lang": null, "name": "jeremy scahill", "id_str": "23839835", "location": "Brooklyn, NY", "verified": true, "following": null, "protected": false, "time_zone": null, "created_at": "Wed Mar 11 22:05:02 +0000 2009", "utc_offset": null, "description": "independent journalist, co founder of @theintercept. VP at gobias industries. host of @intercepted podcast. milwaukee kid.", "geo_enabled": false, "screen_name": "jeremyscahill", "listed_count": 8235, "friends_count": 3804, "is_translator": false, "notifications": null, "statuses_count": 31942, "default_profile": false, "followers_count": 396934, "translator_type": "none", "favourites_count": 1882, "profile_image_url": "http://pbs.twimg.com/profile_images/972552793096630273/i_mkFUod_normal.jpg", "profile_banner_url": "https://pbs.twimg.com/profile_banners/23839835/1407211848", "profile_link_color": "2FC2EF", "profile_text_color": "666666", "follow_request_sent": null, "contributors_enabled": false, "default_profile_image": false, "withheld_in_countries": [], "profile_background_tile": true, "profile_image_url_https": "https://pbs.twimg.com/profile_images/972552793096630273/i_mkFUod_normal.jpg", "profile_background_color": "1A1B1F", "profile_sidebar_fill_color": "252429", "profile_background_image_url": "http://abs.twimg.com/images/themes/theme9/bg.gif", "profile_sidebar_border_color": "FFFFFF", "profile_use_background_image": true, "profile_background_image_url_https": "https://abs.twimg.com/images/themes/theme9/bg.gif"}, "place": null, "id_str": "1390670445343612931", "source": "<a href=\"https://mobile.twitter.com\" rel=\"nofollow\">Twitter Web App</a>", "entities": {"urls": [], "symbols": [], "hashtags": [], "user_mentions": [{"id": 751454653011951616, "name": "The Intercept Brasil", "id_str": "751454653011951616", "indices": [3, 18], "screen_name": "TheInterceptBr"}]}, "favorited": false, "retweeted": false, "truncated": false, "created_at": "Fri May 07 14:10:46 +0000 2021", "coordinates": null, "quote_count": 0, "reply_count": 0, "contributors": null, "filter_level": "low", "timestamp_ms": "1620396646234", "retweet_count": 0, "favorite_count": 0, "is_quote_status": false, "retweeted_status": {"id": 1390670305228730371, "geo": null, "lang": "pt", "text": "Andr\u00e9 mora no Jacarezinho. Ontem, a pol\u00edcia assassinou uma pessoa no quarto de sua filha. \"Como uma crian\u00e7a vai cre\u2026 https://t.co/oji8B0u3p3", "user": {"id": 751454653011951616, "url": "https://t.me/TheInterceptBr", "lang": null, "name": "The Intercept Brasil", "id_str": "751454653011951616", "location": "Brasil", "verified": true, "following": null, "protected": false, "time_zone": null, "created_at": "Fri Jul 08 16:35:25 +0000 2016", "utc_offset": null, "description": "Jornalismo destemido e sem amarras. Assine nossa newsletter \u27a1\ufe0f http://interc.pt/TIBNews Fa\u00e7a parte do TIB \u27a1\ufe0f http://interc.pt/AjudeTW", "geo_enabled": true, "screen_name": "TheInterceptBr", "listed_count": 3275, "friends_count": 429, "is_translator": false, "notifications": null, "statuses_count": 19627, "default_profile": false, "followers_count": 852552, "translator_type": "none", "favourites_count": 2398, "profile_image_url": "http://pbs.twimg.com/profile_images/1108060545733849089/_1I2tN-F_normal.png", "profile_banner_url": "https://pbs.twimg.com/profile_banners/751454653011951616/1605297553", "profile_link_color": "000000", "profile_text_color": "000000", "follow_request_sent": null, "contributors_enabled": false, "default_profile_image": false, "withheld_in_countries": [], "profile_background_tile": false, "profile_image_url_https": "https://pbs.twimg.com/profile_images/1108060545733849089/_1I2tN-F_normal.png", "profile_background_color": "000000", "profile_sidebar_fill_color": "000000", "profile_background_image_url": "http://abs.twimg.com/images/themes/theme1/bg.png", "profile_sidebar_border_color": "000000", "profile_use_background_image": false, "profile_background_image_url_https": "https://abs.twimg.com/images/themes/theme1/bg.png"}, "place": null, "id_str": "1390670305228730371", "source": "<a href=\"https://studio.twitter.com\" rel=\"nofollow\">Twitter Media Studio</a>", "entities": {"urls": [{"url": "https://t.co/oji8B0u3p3", "indices": [117, 140], "display_url": "twitter.com/i/web/status/1\u2026", "expanded_url": "https://twitter.com/i/web/status/1390670305228730371"}], "symbols": [], "hashtags": [], "user_mentions": []}, "favorited": false, "retweeted": false, "truncated": true, "created_at": "Fri May 07 14:10:12 +0000 2021", "coordinates": null, "quote_count": 1, "reply_count": 0, "contributors": null, "filter_level": "low", "retweet_count": 2, "extended_tweet": {"entities": {"urls": [], "media": [{"id": 1390668233917837314, "url": "https://t.co/x2HlIoJD9B", "type": "video", "sizes": {"large": {"h": 1080, "w": 1920, "resize": "fit"}, "small": {"h": 383, "w": 680, "resize": "fit"}, "thumb": {"h": 150, "w": 150, "resize": "crop"}, "medium": {"h": 675, "w": 1200, "resize": "fit"}}, "id_str": "1390668233917837314", "indices": [135, 158], "media_url": "http://pbs.twimg.com/media/E0ym2rjXEAcSZ_i.jpg", "video_info": {"variants": [{"url": "https://video.twimg.com/amplify_video/1390668233917837314/pl/Tsy72_IA2-HIg-_0.m3u8?tag=14", "content_type": "application/x-mpegURL"}, {"url": "https://video.twimg.com/amplify_video/1390668233917837314/vid/480x270/MvLI1vozUVz2KL7G.mp4?tag=14", "bitrate": 288000, "content_type": "video/mp4"}, {"url": "https://video.twimg.com/amplify_video/1390668233917837314/vid/640x360/-ucUDoCZrcLN4fyA.mp4?tag=14", "bitrate": 832000, "content_type": "video/mp4"}, {"url": "https://video.twimg.com/amplify_video/1390668233917837314/vid/1280x720/9SXlzm3emjBPNDBJ.mp4?tag=14", "bitrate": 2176000, "content_type": "video/mp4"}], "aspect_ratio": [16, 9], "duration_millis": 207749}, "display_url": "pic.twitter.com/x2HlIoJD9B", "expanded_url": "https://twitter.com/TheInterceptBr/status/1390670305228730371/video/1", "media_url_https": "https://pbs.twimg.com/media/E0ym2rjXEAcSZ_i.jpg", "additional_media_info": {"title": "Massacre no Jacarezinho", "embeddable": true, "description": "Desde junho de 2020, est\u00e3o proibidas opera\u00e7\u00f5es policiais em favelas do Rio exceto em casos excepcionais. Isso n\u00e3o impediu a Pol\u00edcia Civil de aterrorizar os moradores do Jacarezinho e matar 25 pessoas.", "monetizable": false}}], "symbols": [], "hashtags": [], "user_mentions": []}, "full_text": "Andr\u00e9 mora no Jacarezinho. Ontem, a pol\u00edcia assassinou uma pessoa no quarto de sua filha. \"Como uma crian\u00e7a vai crescer depois disso?\" https://t.co/x2HlIoJD9B", "extended_entities": {"media": [{"id": 1390668233917837314, "url": "https://t.co/x2HlIoJD9B", "type": "video", "sizes": {"large": {"h": 1080, "w": 1920, "resize": "fit"}, "small": {"h": 383, "w": 680, "resize": "fit"}, "thumb": {"h": 150, "w": 150, "resize": "crop"}, "medium": {"h": 675, "w": 1200, "resize": "fit"}}, "id_str": "1390668233917837314", "indices": [135, 158], "media_url": "http://pbs.twimg.com/media/E0ym2rjXEAcSZ_i.jpg", "video_info": {"variants": [{"url": "https://video.twimg.com/amplify_video/1390668233917837314/pl/Tsy72_IA2-HIg-_0.m3u8?tag=14", "content_type": "application/x-mpegURL"}, {"url": "https://video.twimg.com/amplify_video/1390668233917837314/vid/480x270/MvLI1vozUVz2KL7G.mp4?tag=14", "bitrate": 288000, "content_type": "video/mp4"}, {"url": "https://video.twimg.com/amplify_video/1390668233917837314/vid/640x360/-ucUDoCZrcLN4fyA.mp4?tag=14", "bitrate": 832000, "content_type": "video/mp4"}, {"url": "https://video.twimg.com/amplify_video/1390668233917837314/vid/1280x720/9SXlzm3emjBPNDBJ.mp4?tag=14", "bitrate": 2176000, "content_type": "video/mp4"}], "aspect_ratio": [16, 9], "duration_millis": 207749}, "display_url": "pic.twitter.com/x2HlIoJD9B", "expanded_url": "https://twitter.com/TheInterceptBr/status/1390670305228730371/video/1", "media_url_https": "https://pbs.twimg.com/media/E0ym2rjXEAcSZ_i.jpg", "additional_media_info": {"title": "Massacre no Jacarezinho", "embeddable": true, "description": "Desde junho de 2020, est\u00e3o proibidas opera\u00e7\u00f5es policiais em favelas do Rio exceto em casos excepcionais. Isso n\u00e3o impediu a Pol\u00edcia Civil de aterrorizar os moradores do Jacarezinho e matar 25 pessoas.", "monetizable": false}}]}, "display_text_range": [0, 134]}, "favorite_count": 11, "is_quote_status": false, "display_text_range": [0, 140], "possibly_sensitive": false, "in_reply_to_user_id": null, "in_reply_to_status_id": null, "in_reply_to_screen_name": null, "in_reply_to_user_id_str": null, "in_reply_to_status_id_str": null}, "in_reply_to_user_id": null, "in_reply_to_status_id": null, "in_reply_to_screen_name": null, "in_reply_to_user_id_str": null, "in_reply_to_status_id_str": null}