{"id": 573926193218506753, "lang": "cy", "text": "Raised Irish flag &amp; kicked off St. Patrick\u2019s Day celebrations in #SF.  Beannachta\u00ed na F\u00e9ile P\u00e1draig! http://t.co/nLr9KnsTRk", "urls": [], "user": {"id": 234489403}, "media": [{"id": 573926192492888064, "url": "http://t.co/nLr9KnsTRk", "type": "photo", "sizes": {"large": {"h": 1357, "w": 2048, "resize": "fit"}, "small": {"h": 450, "w": 680, "resize": "fit"}, "thumb": {"h": 150, "w": 150, "resize": "crop"}, "medium": {"h": 795, "w": 1200, "resize": "fit"}}, "media_url": "http://pbs.twimg.com/media/B_b-1M7UwAAOW7a.jpg", "display_url": "pic.twitter.com/nLr9KnsTRk", "expanded_url": "https://twitter.com/mayoredlee/status/573926193218506753/photo/1", "media_url_https": "https://pbs.twimg.com/media/B_b-1M7UwAAOW7a.jpg"}], "id_str": "573926193218506753", "source": "<a href=\"http://twitter.com\" rel=\"nofollow\">Twitter Web Client</a>", "deleted": false, "hashtags": [{"text": "SF"}], "retrieved": "2017-09-25--20-20-52", "created_at": "Fri Mar 06 19:20:42 +0000 2015", "retweet_count": 25, "user_mentions": [], "favorite_count": 20, "legacy_imported": true}