{"id": 1417097098974187521, "geo": null, "lang": "en", "text": "RT @CNN_Oppmann: A week ago Cubans took to the streets in unprecedented protests. This map shows just how widespread across the island they\u2026", "user": {"id": 22771961, "url": "https://jimacosta.com", "lang": null, "name": "Jim Acosta", "id_str": "22771961", "location": "Washington, DC", "verified": true, "following": null, "protected": false, "time_zone": null, "created_at": "Wed Mar 04 13:48:04 +0000 2009", "utc_offset": null, "description": "CNN Anchor Saturday 3-6p and Sunday 4-6p eastern, Chief Domestic Correspondent. Author of NYT Bestseller \u201cThe Enemy of the People.\u201d I believe in #realnews", "geo_enabled": true, "screen_name": "Acosta", "listed_count": 13520, "friends_count": 4864, "is_translator": false, "notifications": null, "statuses_count": 38508, "default_profile": false, "followers_count": 2282397, "translator_type": "none", "favourites_count": 15805, "profile_image_url": "http://pbs.twimg.com/profile_images/1408798489790779401/b3nswN12_normal.jpg", "profile_banner_url": "https://pbs.twimg.com/profile_banners/22771961/1617297107", "profile_link_color": "ABB8C2", "profile_text_color": "3D2406", "follow_request_sent": null, "contributors_enabled": false, "default_profile_image": false, "withheld_in_countries": [], "profile_background_tile": true, "profile_image_url_https": "https://pbs.twimg.com/profile_images/1408798489790779401/b3nswN12_normal.jpg", "profile_background_color": "A39E96", "profile_sidebar_fill_color": "AD9D6B", "profile_background_image_url": "http://abs.twimg.com/images/themes/theme1/bg.png", "profile_sidebar_border_color": "33363D", "profile_use_background_image": true, "profile_background_image_url_https": "https://abs.twimg.com/images/themes/theme1/bg.png"}, "place": null, "id_str": "1417097098974187521", "source": "<a href=\"http://twitter.com/download/iphone\" rel=\"nofollow\">Twitter for iPhone</a>", "entities": {"urls": [], "symbols": [], "hashtags": [], "user_mentions": [{"id": 17911562, "name": "Patrick Oppmann CNN", "id_str": "17911562", "indices": [3, 15], "screen_name": "CNN_Oppmann"}]}, "favorited": false, "retweeted": false, "truncated": false, "created_at": "Mon Jul 19 12:20:51 +0000 2021", "coordinates": null, "quote_count": 0, "reply_count": 0, "contributors": null, "filter_level": "low", "timestamp_ms": "1626697251443", "quoted_status": {"id": 1414992462968344580, "geo": null, "lang": "es", "text": "1/ La transmisi\u00f3n en vivo de las manifestaciones disminuy\u00f3 much\u00edsimo despu\u00e9s del domingo por los cortes del servici\u2026 https://t.co/cEFbS1lDzh", "user": {"id": 1026856703197962240, "url": "https://proyectoinventario.org", "lang": null, "name": "invntario", "id_str": "1026856703197962240", "location": "Cuba", "verified": false, "following": null, "protected": false, "time_zone": null, "created_at": "Tue Aug 07 15:44:50 +0000 2018", "utc_offset": null, "description": "Usamos herramientas period\u00edsticas y tecnolog\u00eda c\u00edvica para contar Cuba \ud83d\udcc8\ud83c\udf0f #civictech #datosabiertos \u2764\ufe0f=\"Recibido\" RT=\"Vean esto\"", "geo_enabled": false, "screen_name": "invntario", "listed_count": 105, "friends_count": 1512, "is_translator": false, "notifications": null, "statuses_count": 6785, "default_profile": true, "followers_count": 7225, "translator_type": "none", "favourites_count": 9762, "profile_image_url": "http://pbs.twimg.com/profile_images/1146423454788444160/CuIsLZ6p_normal.png", "profile_banner_url": "https://pbs.twimg.com/profile_banners/1026856703197962240/1606755399", "profile_link_color": "1DA1F2", "profile_text_color": "333333", "follow_request_sent": null, "contributors_enabled": false, "default_profile_image": false, "withheld_in_countries": [], "profile_background_tile": false, "profile_image_url_https": "https://pbs.twimg.com/profile_images/1146423454788444160/CuIsLZ6p_normal.png", "profile_background_color": "F5F8FA", "profile_sidebar_fill_color": "DDEEF6", "profile_background_image_url": "", "profile_sidebar_border_color": "C0DEED", "profile_use_background_image": true, "profile_background_image_url_https": ""}, "place": null, "id_str": "1414992462968344580", "source": "<a href=\"https://mobile.twitter.com\" rel=\"nofollow\">Twitter Web App</a>", "entities": {"urls": [{"url": "https://t.co/cEFbS1lDzh", "indices": [117, 140], "display_url": "twitter.com/i/web/status/1\u2026", "expanded_url": "https://twitter.com/i/web/status/1414992462968344580"}], "symbols": [], "hashtags": [], "user_mentions": []}, "favorited": false, "retweeted": false, "truncated": true, "created_at": "Tue Jul 13 16:57:47 +0000 2021", "coordinates": null, "quote_count": 20, "reply_count": 14, "contributors": null, "filter_level": "low", "retweet_count": 245, "extended_tweet": {"entities": {"urls": [{"url": "https://t.co/LkmZrA74ey", "indices": [221, 244], "display_url": "bit.ly/Manifestacione\u2026", "expanded_url": "https://bit.ly/ManifestacionesJUL2021"}], "media": [{"id": 1414987437676240900, "url": "https://t.co/8QnxAQlDFa", "type": "animated_gif", "sizes": {"large": {"h": 550, "w": 1200, "resize": "fit"}, "small": {"h": 312, "w": 680, "resize": "fit"}, "thumb": {"h": 150, "w": 150, "resize": "crop"}, "medium": {"h": 550, "w": 1200, "resize": "fit"}}, "id_str": "1414987437676240900", "indices": [245, 268], "media_url": "http://pbs.twimg.com/tweet_video_thumb/E6MLk-BVIAQnWaX.jpg", "video_info": {"variants": [{"url": "https://video.twimg.com/tweet_video/E6MLk-BVIAQnWaX.mp4", "bitrate": 0, "content_type": "video/mp4"}], "aspect_ratio": [24, 11]}, "display_url": "pic.twitter.com/8QnxAQlDFa", "expanded_url": "https://twitter.com/invntario/status/1414992462968344580/photo/1", "media_url_https": "https://pbs.twimg.com/tweet_video_thumb/E6MLk-BVIAQnWaX.jpg"}], "symbols": [], "hashtags": [], "user_mentions": []}, "full_text": "1/ La transmisi\u00f3n en vivo de las manifestaciones disminuy\u00f3 much\u00edsimo despu\u00e9s del domingo por los cortes del servicio de internet, pero hemos seguido ubicando en el mapa el material visual que va saliendo a la luz.\n\nMapa \ud83d\udc49https://t.co/LkmZrA74ey https://t.co/8QnxAQlDFa", "extended_entities": {"media": [{"id": 1414987437676240900, "url": "https://t.co/8QnxAQlDFa", "type": "animated_gif", "sizes": {"large": {"h": 550, "w": 1200, "resize": "fit"}, "small": {"h": 312, "w": 680, "resize": "fit"}, "thumb": {"h": 150, "w": 150, "resize": "crop"}, "medium": {"h": 550, "w": 1200, "resize": "fit"}}, "id_str": "1414987437676240900", "indices": [245, 268], "media_url": "http://pbs.twimg.com/tweet_video_thumb/E6MLk-BVIAQnWaX.jpg", "video_info": {"variants": [{"url": "https://video.twimg.com/tweet_video/E6MLk-BVIAQnWaX.mp4", "bitrate": 0, "content_type": "video/mp4"}], "aspect_ratio": [24, 11]}, "display_url": "pic.twitter.com/8QnxAQlDFa", "expanded_url": "https://twitter.com/invntario/status/1414992462968344580/photo/1", "media_url_https": "https://pbs.twimg.com/tweet_video_thumb/E6MLk-BVIAQnWaX.jpg"}]}, "display_text_range": [0, 244]}, "favorite_count": 386, "is_quote_status": false, "display_text_range": [0, 140], "possibly_sensitive": false, "in_reply_to_user_id": null, "in_reply_to_status_id": null, "in_reply_to_screen_name": null, "in_reply_to_user_id_str": null, "in_reply_to_status_id_str": null}, "retweet_count": 0, "favorite_count": 0, "is_quote_status": true, "quoted_status_id": 1414992462968344580, "retweeted_status": {"id": 1416816864077008897, "geo": null, "lang": "en", "text": "A week ago Cubans took to the streets in unprecedented protests. This map shows just how widespread across the isla\u2026 https://t.co/5Ey4tSg6cH", "user": {"id": 17911562, "url": "http://Instagram.com/cubareporter", "lang": null, "name": "Patrick Oppmann CNN", "id_str": "17911562", "location": null, "verified": true, "following": null, "protected": false, "time_zone": null, "created_at": "Fri Dec 05 23:45:13 +0000 2008", "utc_offset": null, "description": "CNN International Correspondent & Havana Bureau Chief", "geo_enabled": true, "screen_name": "CNN_Oppmann", "listed_count": 750, "friends_count": 4476, "is_translator": false, "notifications": null, "statuses_count": 7298, "default_profile": false, "followers_count": 27128, "translator_type": "none", "favourites_count": 4051, "profile_image_url": "http://pbs.twimg.com/profile_images/583706232780783616/559XEShq_normal.jpg", "profile_banner_url": "https://pbs.twimg.com/profile_banners/17911562/1410373187", "profile_link_color": "89C9FA", "profile_text_color": "333333", "follow_request_sent": null, "contributors_enabled": false, "default_profile_image": false, "withheld_in_countries": [], "profile_background_tile": true, "profile_image_url_https": "https://pbs.twimg.com/profile_images/583706232780783616/559XEShq_normal.jpg", "profile_background_color": "709397", "profile_sidebar_fill_color": "A0C5C7", "profile_background_image_url": "http://abs.twimg.com/images/themes/theme6/bg.gif", "profile_sidebar_border_color": "FFFFFF", "profile_use_background_image": true, "profile_background_image_url_https": "https://abs.twimg.com/images/themes/theme6/bg.gif"}, "place": {"id": "ac26bceca6c10474", "url": "https://api.twitter.com/1.1/geo/id/ac26bceca6c10474.json", "name": "Cuba", "country": "Cuba", "full_name": "Cuba", "attributes": {}, "place_type": "country", "bounding_box": {"type": "Polygon", "coordinates": [[[-84.952008, 19.82646], [-84.952008, 23.594925], [-74.131649, 23.594925], [-74.131649, 19.82646]]]}, "country_code": "CU"}, "id_str": "1416816864077008897", "source": "<a href=\"http://twitter.com/download/iphone\" rel=\"nofollow\">Twitter for iPhone</a>", "entities": {"urls": [{"url": "https://t.co/5Ey4tSg6cH", "indices": [117, 140], "display_url": "twitter.com/i/web/status/1\u2026", "expanded_url": "https://twitter.com/i/web/status/1416816864077008897"}], "symbols": [], "hashtags": [], "user_mentions": []}, "favorited": false, "retweeted": false, "truncated": true, "created_at": "Sun Jul 18 17:47:18 +0000 2021", "coordinates": null, "quote_count": 7, "reply_count": 19, "contributors": null, "filter_level": "low", "quoted_status": {"id": 1414992462968344580, "geo": null, "lang": "es", "text": "1/ La transmisi\u00f3n en vivo de las manifestaciones disminuy\u00f3 much\u00edsimo despu\u00e9s del domingo por los cortes del servici\u2026 https://t.co/cEFbS1lDzh", "user": {"id": 1026856703197962240, "url": "https://proyectoinventario.org", "lang": null, "name": "invntario", "id_str": "1026856703197962240", "location": "Cuba", "verified": false, "following": null, "protected": false, "time_zone": null, "created_at": "Tue Aug 07 15:44:50 +0000 2018", "utc_offset": null, "description": "Usamos herramientas period\u00edsticas y tecnolog\u00eda c\u00edvica para contar Cuba \ud83d\udcc8\ud83c\udf0f #civictech #datosabiertos \u2764\ufe0f=\"Recibido\" RT=\"Vean esto\"", "geo_enabled": false, "screen_name": "invntario", "listed_count": 105, "friends_count": 1512, "is_translator": false, "notifications": null, "statuses_count": 6785, "default_profile": true, "followers_count": 7225, "translator_type": "none", "favourites_count": 9762, "profile_image_url": "http://pbs.twimg.com/profile_images/1146423454788444160/CuIsLZ6p_normal.png", "profile_banner_url": "https://pbs.twimg.com/profile_banners/1026856703197962240/1606755399", "profile_link_color": "1DA1F2", "profile_text_color": "333333", "follow_request_sent": null, "contributors_enabled": false, "default_profile_image": false, "withheld_in_countries": [], "profile_background_tile": false, "profile_image_url_https": "https://pbs.twimg.com/profile_images/1146423454788444160/CuIsLZ6p_normal.png", "profile_background_color": "F5F8FA", "profile_sidebar_fill_color": "DDEEF6", "profile_background_image_url": "", "profile_sidebar_border_color": "C0DEED", "profile_use_background_image": true, "profile_background_image_url_https": ""}, "place": null, "id_str": "1414992462968344580", "source": "<a href=\"https://mobile.twitter.com\" rel=\"nofollow\">Twitter Web App</a>", "entities": {"urls": [{"url": "https://t.co/cEFbS1lDzh", "indices": [117, 140], "display_url": "twitter.com/i/web/status/1\u2026", "expanded_url": "https://twitter.com/i/web/status/1414992462968344580"}], "symbols": [], "hashtags": [], "user_mentions": []}, "favorited": false, "retweeted": false, "truncated": true, "created_at": "Tue Jul 13 16:57:47 +0000 2021", "coordinates": null, "quote_count": 20, "reply_count": 14, "contributors": null, "filter_level": "low", "retweet_count": 245, "extended_tweet": {"entities": {"urls": [{"url": "https://t.co/LkmZrA74ey", "indices": [221, 244], "display_url": "bit.ly/Manifestacione\u2026", "expanded_url": "https://bit.ly/ManifestacionesJUL2021"}], "media": [{"id": 1414987437676240900, "url": "https://t.co/8QnxAQlDFa", "type": "animated_gif", "sizes": {"large": {"h": 550, "w": 1200, "resize": "fit"}, "small": {"h": 312, "w": 680, "resize": "fit"}, "thumb": {"h": 150, "w": 150, "resize": "crop"}, "medium": {"h": 550, "w": 1200, "resize": "fit"}}, "id_str": "1414987437676240900", "indices": [245, 268], "media_url": "http://pbs.twimg.com/tweet_video_thumb/E6MLk-BVIAQnWaX.jpg", "video_info": {"variants": [{"url": "https://video.twimg.com/tweet_video/E6MLk-BVIAQnWaX.mp4", "bitrate": 0, "content_type": "video/mp4"}], "aspect_ratio": [24, 11]}, "display_url": "pic.twitter.com/8QnxAQlDFa", "expanded_url": "https://twitter.com/invntario/status/1414992462968344580/photo/1", "media_url_https": "https://pbs.twimg.com/tweet_video_thumb/E6MLk-BVIAQnWaX.jpg"}], "symbols": [], "hashtags": [], "user_mentions": []}, "full_text": "1/ La transmisi\u00f3n en vivo de las manifestaciones disminuy\u00f3 much\u00edsimo despu\u00e9s del domingo por los cortes del servicio de internet, pero hemos seguido ubicando en el mapa el material visual que va saliendo a la luz.\n\nMapa \ud83d\udc49https://t.co/LkmZrA74ey https://t.co/8QnxAQlDFa", "extended_entities": {"media": [{"id": 1414987437676240900, "url": "https://t.co/8QnxAQlDFa", "type": "animated_gif", "sizes": {"large": {"h": 550, "w": 1200, "resize": "fit"}, "small": {"h": 312, "w": 680, "resize": "fit"}, "thumb": {"h": 150, "w": 150, "resize": "crop"}, "medium": {"h": 550, "w": 1200, "resize": "fit"}}, "id_str": "1414987437676240900", "indices": [245, 268], "media_url": "http://pbs.twimg.com/tweet_video_thumb/E6MLk-BVIAQnWaX.jpg", "video_info": {"variants": [{"url": "https://video.twimg.com/tweet_video/E6MLk-BVIAQnWaX.mp4", "bitrate": 0, "content_type": "video/mp4"}], "aspect_ratio": [24, 11]}, "display_url": "pic.twitter.com/8QnxAQlDFa", "expanded_url": "https://twitter.com/invntario/status/1414992462968344580/photo/1", "media_url_https": "https://pbs.twimg.com/tweet_video_thumb/E6MLk-BVIAQnWaX.jpg"}]}, "display_text_range": [0, 244]}, "favorite_count": 386, "is_quote_status": false, "display_text_range": [0, 140], "possibly_sensitive": false, "in_reply_to_user_id": null, "in_reply_to_status_id": null, "in_reply_to_screen_name": null, "in_reply_to_user_id_str": null, "in_reply_to_status_id_str": null}, "retweet_count": 87, "extended_tweet": {"entities": {"urls": [], "symbols": [], "hashtags": [], "user_mentions": []}, "full_text": "A week ago Cubans took to the streets in unprecedented protests. This map shows just how widespread across the island they were.", "display_text_range": [0, 128]}, "favorite_count": 192, "is_quote_status": true, "quoted_status_id": 1414992462968344580, "in_reply_to_user_id": null, "quoted_status_id_str": "1414992462968344580", "in_reply_to_status_id": null, "in_reply_to_screen_name": null, "in_reply_to_user_id_str": null, "quoted_status_permalink": {"url": "https://t.co/xrq452WrI5", "display": "twitter.com/invntario/stat\u2026", "expanded": "https://twitter.com/invntario/status/1414992462968344580"}, "in_reply_to_status_id_str": null}, "in_reply_to_user_id": null, "quoted_status_id_str": "1414992462968344580", "in_reply_to_status_id": null, "in_reply_to_screen_name": null, "in_reply_to_user_id_str": null, "quoted_status_permalink": {"url": "https://t.co/xrq452WrI5", "display": "twitter.com/invntario/stat\u2026", "expanded": "https://twitter.com/invntario/status/1414992462968344580"}, "in_reply_to_status_id_str": null}