{"id": 457281353613332480, "lang": "es", "text": "Ayer se nos fue un autor cl\u00e1sico que enriqueci\u00f3 nuestra cultura.  Que descanse en paz Gabriel Garc\u00eda M\u00e1rquez.", "urls": [], "user": {"id": 210926192}, "id_str": "457281353613332480", "source": "<a href=\"http://twitter.com\" rel=\"nofollow\">Twitter Web Client</a>", "deleted": false, "hashtags": [], "retrieved": "2018-09-13--03-32-26", "created_at": "Fri Apr 18 22:15:45 +0000 2014", "user_mentions": [], "legacy_imported": true}