{"id": 1500137747226447873, "geo": null, "lang": "ru", "text": "\u042f \u0432\u0441\u0442\u0440\u0435\u0447\u0430\u043b\u0441\u044f \u0441 \u0432\u044b\u0434\u0430\u044e\u0449\u0438\u043c\u0441\u044f \u043f\u0440\u0430\u0432\u043e\u0437\u0430\u0449\u0438\u0442\u043d\u0438\u043a\u043e\u043c \u0410.\u0427\u0435\u0440\u043a\u0430\u0441\u043e\u0432\u044b\u043c \u0432 2018\u0433. \u0432 \u0421\u041f\u0411. \u0412 \u043a\u043e\u043d\u0446\u0435 2021\u0433. \u0432\u043e\u0437\u0433\u043b\u0430\u0432\u043b\u044f\u0435\u043c\u0430\u044f \u0438\u043c \u041d\u041f\u041e \u041c\u0435\u043c\u043e\u0440\u0438\u0430\u043b\u2026 https://t.co/Bx2SY1wT3T", "user": {"id": 1976143068, "url": "https://avecvous.fr/", "lang": null, "name": "Emmanuel Macron", "id_str": "1976143068", "location": "France", "verified": true, "following": null, "protected": false, "time_zone": null, "created_at": "Sun Oct 20 19:35:28 +0000 2013", "utc_offset": null, "description": "Pr\u00e9sident de la R\u00e9publique fran\u00e7aise. Candidat \u00e0 l\u2019\u00e9lection pr\u00e9sidentielle pour un second mandat @avecvous.", "geo_enabled": true, "screen_name": "EmmanuelMacron", "listed_count": 12855, "friends_count": 725, "is_translator": false, "notifications": null, "statuses_count": 11169, "default_profile": true, "followers_count": 7862040, "translator_type": "none", "favourites_count": 215, "profile_image_url": "http://pbs.twimg.com/profile_images/1500036260030828547/A0rWBAED_normal.jpg", "profile_banner_url": "https://pbs.twimg.com/profile_banners/1976143068/1646380171", "profile_link_color": "1DA1F2", "profile_text_color": "333333", "follow_request_sent": null, "contributors_enabled": false, "default_profile_image": false, "withheld_in_countries": [], "profile_background_tile": false, "profile_image_url_https": "https://pbs.twimg.com/profile_images/1500036260030828547/A0rWBAED_normal.jpg", "profile_background_color": "C0DEED", "profile_sidebar_fill_color": "DDEEF6", "profile_background_image_url": "http://abs.twimg.com/images/themes/theme1/bg.png", "profile_sidebar_border_color": "C0DEED", "profile_use_background_image": true, "profile_background_image_url_https": "https://abs.twimg.com/images/themes/theme1/bg.png"}, "place": null, "id_str": "1500137747226447873", "source": "<a href=\"http://twitter.com/download/iphone\" rel=\"nofollow\">Twitter for iPhone</a>", "entities": {"urls": [{"url": "https://t.co/Bx2SY1wT3T", "indices": [117, 140], "display_url": "twitter.com/i/web/status/1\u2026", "expanded_url": "https://twitter.com/i/web/status/1500137747226447873"}], "symbols": [], "hashtags": [], "user_mentions": []}, "favorited": false, "retweeted": false, "truncated": true, "created_at": "Sat Mar 05 15:54:44 +0000 2022", "coordinates": null, "quote_count": 0, "reply_count": 0, "contributors": null, "filter_level": "low", "timestamp_ms": "1646495684807", "quoted_status": {"id": 1499887306957856772, "geo": null, "lang": "fr", "text": "\u00c0 Saint-P\u00e9tersbourg en 2018, j'ai rencontr\u00e9 Alexandre Tcherkassov, un grand d\u00e9fenseur des droits humains. Son ONG,\u2026 https://t.co/bP3RF82el1", "user": {"id": 1976143068, "url": "https://avecvous.fr/", "lang": null, "name": "Emmanuel Macron", "id_str": "1976143068", "location": "France", "verified": true, "following": null, "protected": false, "time_zone": null, "created_at": "Sun Oct 20 19:35:28 +0000 2013", "utc_offset": null, "description": "Pr\u00e9sident de la R\u00e9publique fran\u00e7aise. Candidat \u00e0 l\u2019\u00e9lection pr\u00e9sidentielle pour un second mandat @avecvous.", "geo_enabled": true, "screen_name": "EmmanuelMacron", "listed_count": 12855, "friends_count": 725, "is_translator": false, "notifications": null, "statuses_count": 11168, "default_profile": true, "followers_count": 7862040, "translator_type": "none", "favourites_count": 215, "profile_image_url": "http://pbs.twimg.com/profile_images/1500036260030828547/A0rWBAED_normal.jpg", "profile_banner_url": "https://pbs.twimg.com/profile_banners/1976143068/1646380171", "profile_link_color": "1DA1F2", "profile_text_color": "333333", "follow_request_sent": null, "contributors_enabled": false, "default_profile_image": false, "withheld_in_countries": [], "profile_background_tile": false, "profile_image_url_https": "https://pbs.twimg.com/profile_images/1500036260030828547/A0rWBAED_normal.jpg", "profile_background_color": "C0DEED", "profile_sidebar_fill_color": "DDEEF6", "profile_background_image_url": "http://abs.twimg.com/images/themes/theme1/bg.png", "profile_sidebar_border_color": "C0DEED", "profile_use_background_image": true, "profile_background_image_url_https": "https://abs.twimg.com/images/themes/theme1/bg.png"}, "place": null, "id_str": "1499887306957856772", "source": "<a href=\"http://twitter.com/download/iphone\" rel=\"nofollow\">Twitter for iPhone</a>", "entities": {"urls": [{"url": "https://t.co/bP3RF82el1", "indices": [116, 139], "display_url": "twitter.com/i/web/status/1\u2026", "expanded_url": "https://twitter.com/i/web/status/1499887306957856772"}], "symbols": [], "hashtags": [], "user_mentions": []}, "favorited": false, "retweeted": false, "truncated": true, "created_at": "Fri Mar 04 23:19:35 +0000 2022", "coordinates": null, "quote_count": 102, "reply_count": 1483, "contributors": null, "filter_level": "low", "retweet_count": 843, "extended_tweet": {"entities": {"urls": [], "media": [{"id": 1499887275441807361, "url": "https://t.co/bmVltF3XP1", "type": "photo", "sizes": {"large": {"h": 1364, "w": 2048, "resize": "fit"}, "small": {"h": 453, "w": 680, "resize": "fit"}, "thumb": {"h": 150, "w": 150, "resize": "crop"}, "medium": {"h": 799, "w": 1200, "resize": "fit"}}, "id_str": "1499887275441807361", "indices": [279, 302], "media_url": "http://pbs.twimg.com/media/FNCrh7_WYAEJdTm.jpg", "display_url": "pic.twitter.com/bmVltF3XP1", "expanded_url": "https://twitter.com/EmmanuelMacron/status/1499887306957856772/photo/1", "media_url_https": "https://pbs.twimg.com/media/FNCrh7_WYAEJdTm.jpg"}], "symbols": [], "hashtags": [], "user_mentions": []}, "full_text": "\u00c0 Saint-P\u00e9tersbourg en 2018, j'ai rencontr\u00e9 Alexandre Tcherkassov, un grand d\u00e9fenseur des droits humains. Son ONG, Memorial, a \u00e9t\u00e9 dissoute par les autorit\u00e9s russes fin 2021. Par t\u00e9l\u00e9phone, alors m\u00eame que ses locaux \u00e9taient perquisitionn\u00e9s, je lui ai r\u00e9affirm\u00e9 tout mon soutien. https://t.co/bmVltF3XP1", "extended_entities": {"media": [{"id": 1499887275441807361, "url": "https://t.co/bmVltF3XP1", "type": "photo", "sizes": {"large": {"h": 1364, "w": 2048, "resize": "fit"}, "small": {"h": 453, "w": 680, "resize": "fit"}, "thumb": {"h": 150, "w": 150, "resize": "crop"}, "medium": {"h": 799, "w": 1200, "resize": "fit"}}, "id_str": "1499887275441807361", "indices": [279, 302], "media_url": "http://pbs.twimg.com/media/FNCrh7_WYAEJdTm.jpg", "display_url": "pic.twitter.com/bmVltF3XP1", "expanded_url": "https://twitter.com/EmmanuelMacron/status/1499887306957856772/photo/1", "media_url_https": "https://pbs.twimg.com/media/FNCrh7_WYAEJdTm.jpg"}]}, "display_text_range": [0, 278]}, "favorite_count": 5839, "is_quote_status": false, "display_text_range": [0, 140], "possibly_sensitive": false, "in_reply_to_user_id": null, "in_reply_to_status_id": null, "in_reply_to_screen_name": null, "in_reply_to_user_id_str": null, "in_reply_to_status_id_str": null}, "retweet_count": 0, "extended_tweet": {"entities": {"urls": [], "symbols": [], "hashtags": [], "user_mentions": []}, "full_text": "\u042f \u0432\u0441\u0442\u0440\u0435\u0447\u0430\u043b\u0441\u044f \u0441 \u0432\u044b\u0434\u0430\u044e\u0449\u0438\u043c\u0441\u044f \u043f\u0440\u0430\u0432\u043e\u0437\u0430\u0449\u0438\u0442\u043d\u0438\u043a\u043e\u043c \u0410.\u0427\u0435\u0440\u043a\u0430\u0441\u043e\u0432\u044b\u043c \u0432 2018\u0433. \u0432 \u0421\u041f\u0411. \u0412 \u043a\u043e\u043d\u0446\u0435 2021\u0433. \u0432\u043e\u0437\u0433\u043b\u0430\u0432\u043b\u044f\u0435\u043c\u0430\u044f \u0438\u043c \u041d\u041f\u041e \u041c\u0435\u043c\u043e\u0440\u0438\u0430\u043b \u0431\u044b\u043b\u0430 \u043b\u0438\u043a\u0432\u0438\u0434\u0438\u0440\u043e\u0432\u0430\u043d\u0430. \u0412 \u0445\u043e\u0434\u0435 \u043d\u0430\u0448\u0435\u0433\u043e \u0442\u0435\u043b\u0435\u0444\u043e\u043d\u043d\u043e\u0433\u043e \u0440\u0430\u0437\u0433\u043e\u0432\u043e\u0440\u0430, \u0432 \u0442\u043e\u0442 \u0441\u0430\u043c\u044b\u0439 \u043c\u043e\u043c\u0435\u043d\u0442, \u043a\u043e\u0433\u0434\u0430 \u0432 \u043f\u043e\u043c\u0435\u0449\u0435\u043d\u0438\u0438 \u041d\u041f\u041e \u043f\u0440\u043e\u0438\u0437\u0432\u043e\u0434\u0438\u043b\u0441\u044f \u043e\u0431\u044b\u0441\u043a, \u044f \u0432\u043d\u043e\u0432\u044c \u0437\u0430\u0432\u0435\u0440\u0438\u043b \u0435\u0433\u043e \u0432 \u0441\u0432\u043e\u0435\u0439 \u043f\u043e\u0434\u0434\u0435\u0440\u0436\u043a\u0435.", "display_text_range": [0, 273]}, "favorite_count": 0, "is_quote_status": true, "quoted_status_id": 1499887306957856772, "in_reply_to_user_id": null, "quoted_status_id_str": "1499887306957856772", "in_reply_to_status_id": null, "in_reply_to_screen_name": null, "in_reply_to_user_id_str": null, "quoted_status_permalink": {"url": "https://t.co/1KYqtWeS8S", "display": "twitter.com/emmanuelmacron\u2026", "expanded": "https://twitter.com/emmanuelmacron/status/1499887306957856772"}, "in_reply_to_status_id_str": null}