{"id": 1492857311920017409, "geo": null, "lang": "de", "text": "Lieber Frank-Walter, ich gratuliere dich ganz herzlich zu deiner Wiederwahl. M\u00f6gen wir auch weiterhin gemeinsam die\u2026 https://t.co/9dtIaak7aQ", "user": {"id": 1976143068, "url": "http://www.elysee.fr", "lang": null, "name": "Emmanuel Macron", "id_str": "1976143068", "location": "France", "verified": true, "following": null, "protected": false, "time_zone": null, "created_at": "Sun Oct 20 19:35:28 +0000 2013", "utc_offset": null, "description": "Pr\u00e9sident de la R\u00e9publique fran\u00e7aise.", "geo_enabled": true, "screen_name": "EmmanuelMacron", "listed_count": 12301, "friends_count": 725, "is_translator": false, "notifications": null, "statuses_count": 11075, "default_profile": true, "followers_count": 7615839, "translator_type": "none", "favourites_count": 213, "profile_image_url": "http://pbs.twimg.com/profile_images/1308812357502668812/jSVlszOa_normal.jpg", "profile_banner_url": "https://pbs.twimg.com/profile_banners/1976143068/1622484293", "profile_link_color": "1DA1F2", "profile_text_color": "333333", "follow_request_sent": null, "contributors_enabled": false, "default_profile_image": false, "withheld_in_countries": [], "profile_background_tile": false, "profile_image_url_https": "https://pbs.twimg.com/profile_images/1308812357502668812/jSVlszOa_normal.jpg", "profile_background_color": "C0DEED", "profile_sidebar_fill_color": "DDEEF6", "profile_background_image_url": "http://abs.twimg.com/images/themes/theme1/bg.png", "profile_sidebar_border_color": "C0DEED", "profile_use_background_image": true, "profile_background_image_url_https": "https://abs.twimg.com/images/themes/theme1/bg.png"}, "place": null, "id_str": "1492857311920017409", "source": "<a href=\"http://twitter.com/download/iphone\" rel=\"nofollow\">Twitter for iPhone</a>", "entities": {"urls": [{"url": "https://t.co/9dtIaak7aQ", "indices": [117, 140], "display_url": "twitter.com/i/web/status/1\u2026", "expanded_url": "https://twitter.com/i/web/status/1492857311920017409"}], "symbols": [], "hashtags": [], "user_mentions": []}, "favorited": false, "retweeted": false, "truncated": true, "created_at": "Sun Feb 13 13:44:53 +0000 2022", "coordinates": null, "quote_count": 0, "reply_count": 0, "contributors": null, "filter_level": "low", "timestamp_ms": "1644759893766", "retweet_count": 0, "extended_tweet": {"entities": {"urls": [], "symbols": [], "hashtags": [], "user_mentions": []}, "full_text": "Lieber Frank-Walter, ich gratuliere dich ganz herzlich zu deiner Wiederwahl. M\u00f6gen wir auch weiterhin gemeinsam die kostbare Freundschaft st\u00e4rken, die Deutschland und Frankreich verbindet, und die europ\u00e4ischen Werte f\u00f6rdern, die wir teilen.", "display_text_range": [0, 240]}, "favorite_count": 0, "is_quote_status": false, "in_reply_to_user_id": 1976143068, "in_reply_to_status_id": 1492856939948257284, "in_reply_to_screen_name": "EmmanuelMacron", "in_reply_to_user_id_str": "1976143068", "in_reply_to_status_id_str": "1492856939948257284"}