{"id": 1491122718695202816, "geo": null, "lang": "fr", "text": "EN DIRECT | Depuis Berlin, suivez les d\u00e9clarations du Pr\u00e9sident @EmmanuelMacron, du Chancelier de la R\u00e9publique f\u00e9d\u2026 https://t.co/cazYVdyVjL", "user": {"id": 1976143068, "url": "http://www.elysee.fr", "lang": null, "name": "Emmanuel Macron", "id_str": "1976143068", "location": "France", "verified": true, "following": null, "protected": false, "time_zone": null, "created_at": "Sun Oct 20 19:35:28 +0000 2013", "utc_offset": null, "description": "Pr\u00e9sident de la R\u00e9publique fran\u00e7aise.", "geo_enabled": true, "screen_name": "EmmanuelMacron", "listed_count": 12280, "friends_count": 724, "is_translator": false, "notifications": null, "statuses_count": 11036, "default_profile": true, "followers_count": 7604941, "translator_type": "none", "favourites_count": 212, "profile_image_url": "http://pbs.twimg.com/profile_images/1308812357502668812/jSVlszOa_normal.jpg", "profile_banner_url": "https://pbs.twimg.com/profile_banners/1976143068/1622484293", "profile_link_color": "1DA1F2", "profile_text_color": "333333", "follow_request_sent": null, "contributors_enabled": false, "default_profile_image": false, "withheld_in_countries": [], "profile_background_tile": false, "profile_image_url_https": "https://pbs.twimg.com/profile_images/1308812357502668812/jSVlszOa_normal.jpg", "profile_background_color": "C0DEED", "profile_sidebar_fill_color": "DDEEF6", "profile_background_image_url": "http://abs.twimg.com/images/themes/theme1/bg.png", "profile_sidebar_border_color": "C0DEED", "profile_use_background_image": true, "profile_background_image_url_https": "https://abs.twimg.com/images/themes/theme1/bg.png"}, "place": null, "id_str": "1491122718695202816", "source": "<a href=\"https://studio.twitter.com\" rel=\"nofollow\">Twitter Media Studio</a>", "entities": {"urls": [{"url": "https://t.co/cazYVdyVjL", "indices": [117, 140], "display_url": "twitter.com/i/web/status/1\u2026", "expanded_url": "https://twitter.com/i/web/status/1491122718695202816"}], "symbols": [], "hashtags": [], "user_mentions": [{"id": 1976143068, "name": "Emmanuel Macron", "id_str": "1976143068", "indices": [64, 79], "screen_name": "EmmanuelMacron"}]}, "favorited": false, "retweeted": false, "truncated": true, "created_at": "Tue Feb 08 18:52:14 +0000 2022", "coordinates": null, "quote_count": 0, "reply_count": 0, "contributors": null, "filter_level": "low", "timestamp_ms": "1644346334514", "retweet_count": 0, "extended_tweet": {"entities": {"urls": [{"url": "https://t.co/4ijpqR8xtE", "indices": [204, 227], "display_url": "twitter.com/i/broadcasts/1\u2026", "expanded_url": "https://twitter.com/i/broadcasts/1vAxRkzQyvVKl"}], "symbols": [], "hashtags": [], "user_mentions": [{"id": 1976143068, "name": "Emmanuel Macron", "id_str": "1976143068", "indices": [64, 79], "screen_name": "EmmanuelMacron"}, {"id": 38150247, "name": "Olaf Scholz", "id_str": "38150247", "indices": [133, 144], "screen_name": "OlafScholz"}, {"id": 202086424, "name": "Andrzej Duda", "id_str": "202086424", "indices": [189, 201], "screen_name": "AndrzejDuda"}]}, "full_text": "EN DIRECT | Depuis Berlin, suivez les d\u00e9clarations du Pr\u00e9sident @EmmanuelMacron, du Chancelier de la R\u00e9publique f\u00e9d\u00e9rale d'Allemagne @OlafScholz et du Pr\u00e9sident de la R\u00e9publique de Pologne @AndrzejDuda.\n https://t.co/4ijpqR8xtE", "display_text_range": [0, 227]}, "favorite_count": 0, "is_quote_status": false, "possibly_sensitive": false, "in_reply_to_user_id": null, "in_reply_to_status_id": null, "in_reply_to_screen_name": null, "in_reply_to_user_id_str": null, "in_reply_to_status_id_str": null}