{"id": 1488943792078135301, "geo": null, "lang": "fr", "text": "Des engagements, je serai responsable. https://t.co/nCBtnlbgZK", "user": {"id": 1976143068, "url": "http://www.elysee.fr", "lang": null, "name": "Emmanuel Macron", "id_str": "1976143068", "location": "France", "verified": true, "following": null, "protected": false, "time_zone": null, "created_at": "Sun Oct 20 19:35:28 +0000 2013", "utc_offset": null, "description": "Pr\u00e9sident de la R\u00e9publique fran\u00e7aise.", "geo_enabled": true, "screen_name": "EmmanuelMacron", "listed_count": 12263, "friends_count": 724, "is_translator": false, "notifications": null, "statuses_count": 11022, "default_profile": true, "followers_count": 7589742, "translator_type": "none", "favourites_count": 210, "profile_image_url": "http://pbs.twimg.com/profile_images/1308812357502668812/jSVlszOa_normal.jpg", "profile_banner_url": "https://pbs.twimg.com/profile_banners/1976143068/1622484293", "profile_link_color": "1DA1F2", "profile_text_color": "333333", "follow_request_sent": null, "contributors_enabled": false, "default_profile_image": false, "withheld_in_countries": [], "profile_background_tile": false, "profile_image_url_https": "https://pbs.twimg.com/profile_images/1308812357502668812/jSVlszOa_normal.jpg", "profile_background_color": "C0DEED", "profile_sidebar_fill_color": "DDEEF6", "profile_background_image_url": "http://abs.twimg.com/images/themes/theme1/bg.png", "profile_sidebar_border_color": "C0DEED", "profile_use_background_image": true, "profile_background_image_url_https": "https://abs.twimg.com/images/themes/theme1/bg.png"}, "place": null, "id_str": "1488943792078135301", "source": "<a href=\"http://twitter.com/download/iphone\" rel=\"nofollow\">Twitter for iPhone</a>", "entities": {"urls": [], "media": [{"id": 1488943141482860548, "url": "https://t.co/nCBtnlbgZK", "type": "photo", "sizes": {"large": {"h": 720, "w": 1280, "resize": "fit"}, "small": {"h": 383, "w": 680, "resize": "fit"}, "thumb": {"h": 150, "w": 150, "resize": "crop"}, "medium": {"h": 675, "w": 1200, "resize": "fit"}}, "id_str": "1488943141482860548", "indices": [39, 62], "media_url": "http://pbs.twimg.com/ext_tw_video_thumb/1488943141482860548/pu/img/yTuYqRhbdk3gFkEH.jpg", "display_url": "pic.twitter.com/nCBtnlbgZK", "expanded_url": "https://twitter.com/EmmanuelMacron/status/1488943792078135301/video/1", "media_url_https": "https://pbs.twimg.com/ext_tw_video_thumb/1488943141482860548/pu/img/yTuYqRhbdk3gFkEH.jpg", "additional_media_info": {"monetizable": false}}], "symbols": [], "hashtags": [], "user_mentions": []}, "favorited": false, "retweeted": false, "truncated": false, "created_at": "Wed Feb 02 18:33:57 +0000 2022", "coordinates": null, "quote_count": 0, "reply_count": 0, "contributors": null, "filter_level": "low", "timestamp_ms": "1643826837926", "retweet_count": 0, "favorite_count": 0, "is_quote_status": false, "extended_entities": {"media": [{"id": 1488943141482860548, "url": "https://t.co/nCBtnlbgZK", "type": "video", "sizes": {"large": {"h": 720, "w": 1280, "resize": "fit"}, "small": {"h": 383, "w": 680, "resize": "fit"}, "thumb": {"h": 150, "w": 150, "resize": "crop"}, "medium": {"h": 675, "w": 1200, "resize": "fit"}}, "id_str": "1488943141482860548", "indices": [39, 62], "media_url": "http://pbs.twimg.com/ext_tw_video_thumb/1488943141482860548/pu/img/yTuYqRhbdk3gFkEH.jpg", "video_info": {"variants": [{"url": "https://video.twimg.com/ext_tw_video/1488943141482860548/pu/pl/faH7swZWKL9lIi6B.m3u8?tag=12&container=fmp4", "content_type": "application/x-mpegURL"}, {"url": "https://video.twimg.com/ext_tw_video/1488943141482860548/pu/vid/1280x720/4fNhOjP2oJcZEC-Y.mp4?tag=12", "bitrate": 2176000, "content_type": "video/mp4"}, {"url": "https://video.twimg.com/ext_tw_video/1488943141482860548/pu/vid/480x270/FZdWYHDAncuDFNWD.mp4?tag=12", "bitrate": 256000, "content_type": "video/mp4"}, {"url": "https://video.twimg.com/ext_tw_video/1488943141482860548/pu/vid/640x360/jFts1zQKo-xe7CdM.mp4?tag=12", "bitrate": 832000, "content_type": "video/mp4"}], "aspect_ratio": [16, 9], "duration_millis": 139800}, "display_url": "pic.twitter.com/nCBtnlbgZK", "expanded_url": "https://twitter.com/EmmanuelMacron/status/1488943792078135301/video/1", "media_url_https": "https://pbs.twimg.com/ext_tw_video_thumb/1488943141482860548/pu/img/yTuYqRhbdk3gFkEH.jpg", "additional_media_info": {"monetizable": false}}]}, "display_text_range": [0, 38], "possibly_sensitive": false, "in_reply_to_user_id": 1976143068, "in_reply_to_status_id": 1488921261602398215, "in_reply_to_screen_name": "EmmanuelMacron", "in_reply_to_user_id_str": "1976143068", "in_reply_to_status_id_str": "1488921261602398215"}