{"id": 746026430014828544, "lang": "es", "text": "Es por j\u00f3venes como Eduardo y su familia q nunca abandonar\u00e9 esta lucha. Este es un pa\u00eds d inmigrantes #DACA+ #DAPA https://t.co/g69ibpmSAe", "urls": [], "user": {"id": 18695134}, "media": [{"id": 746026388612841472, "url": "https://t.co/g69ibpmSAe", "type": "photo", "sizes": {"large": {"h": 1536, "w": 2048, "resize": "fit"}, "small": {"h": 510, "w": 680, "resize": "fit"}, "thumb": {"h": 150, "w": 150, "resize": "crop"}, "medium": {"h": 900, "w": 1200, "resize": "fit"}}, "media_url": "http://pbs.twimg.com/media/ClprDD5WAAAUzsb.jpg", "display_url": "pic.twitter.com/g69ibpmSAe", "expanded_url": "https://twitter.com/SenatorMenendez/status/746026430014828544/photo/1", "media_url_https": "https://pbs.twimg.com/media/ClprDD5WAAAUzsb.jpg"}], "id_str": "746026430014828544", "source": "<a href=\"http://twitter.com\" rel=\"nofollow\">Twitter Web Client</a>", "deleted": false, "hashtags": [{"text": "DACA"}, {"text": "DAPA"}], "retrieved": "2018-05-17--05-52-07", "created_at": "Thu Jun 23 17:05:36 +0000 2016", "retweet_count": 13, "user_mentions": [], "favorite_count": 18, "legacy_imported": true}