{"id": 1429911334032916486, "geo": null, "lang": "es", "text": "\u00a1Me contenta anunciar que nuestra celebraci\u00f3n anual del #MesDeLaHispanidad est\u00e1 de vuelta! Nos vemos el 19 de septi\u2026 https://t.co/jUwUFPnvV4", "user": {"id": 18695134, "url": "http://menendez.senate.gov", "lang": null, "name": "Senator Bob Menendez", "id_str": "18695134", "location": "New Jersey, USA", "verified": true, "following": null, "protected": false, "time_zone": null, "created_at": "Tue Jan 06 21:01:12 +0000 2009", "utc_offset": null, "description": "U.S. Senator from New Jersey. @SFRCdems Chairman \ud83c\uddfa\ud83c\uddf8 Loving husband to Nadine. Proud father of Alicia & Rob. Proud grandfather of Evangelina, Ofelia & Olivia.", "geo_enabled": true, "screen_name": "SenatorMenendez", "listed_count": 3891, "friends_count": 1035, "is_translator": false, "notifications": null, "statuses_count": 16036, "default_profile": false, "followers_count": 201561, "translator_type": "none", "favourites_count": 3176, "profile_image_url": "http://pbs.twimg.com/profile_images/1398374383027200008/3VfiQM9u_normal.jpg", "profile_banner_url": "https://pbs.twimg.com/profile_banners/18695134/1545829307", "profile_link_color": "3283D1", "profile_text_color": "663B12", "follow_request_sent": null, "contributors_enabled": false, "default_profile_image": false, "withheld_in_countries": [], "profile_background_tile": false, "profile_image_url_https": "https://pbs.twimg.com/profile_images/1398374383027200008/3VfiQM9u_normal.jpg", "profile_background_color": "273447", "profile_sidebar_fill_color": "DAECF4", "profile_background_image_url": "http://abs.twimg.com/images/themes/theme1/bg.png", "profile_sidebar_border_color": "C6E2EE", "profile_use_background_image": true, "profile_background_image_url_https": "https://abs.twimg.com/images/themes/theme1/bg.png"}, "place": null, "id_str": "1429911334032916486", "source": "<a href=\"https://mobile.twitter.com\" rel=\"nofollow\">Twitter Web App</a>", "entities": {"urls": [{"url": "https://t.co/jUwUFPnvV4", "indices": [117, 140], "display_url": "twitter.com/i/web/status/1\u2026", "expanded_url": "https://twitter.com/i/web/status/1429911334032916486"}], "symbols": [], "hashtags": [{"text": "MesDeLaHispanidad", "indices": [56, 74]}], "user_mentions": []}, "favorited": false, "retweeted": false, "truncated": true, "created_at": "Mon Aug 23 21:00:03 +0000 2021", "coordinates": null, "quote_count": 0, "reply_count": 0, "contributors": null, "filter_level": "low", "timestamp_ms": "1629752403158", "retweet_count": 0, "extended_tweet": {"entities": {"urls": [{"url": "https://t.co/Vo9tbKFzz8", "indices": [257, 280], "display_url": "menendez.senate.gov/hhm-2021", "expanded_url": "http://menendez.senate.gov/hhm-2021"}], "media": [{"id": 1429911270459904004, "url": "https://t.co/AWHmuon02C", "type": "photo", "sizes": {"large": {"h": 900, "w": 1600, "resize": "fit"}, "small": {"h": 383, "w": 680, "resize": "fit"}, "thumb": {"h": 150, "w": 150, "resize": "crop"}, "medium": {"h": 675, "w": 1200, "resize": "fit"}}, "id_str": "1429911270459904004", "indices": [281, 304], "media_url": "http://pbs.twimg.com/media/E9gQuXgXEAQ1_2W.jpg", "display_url": "pic.twitter.com/AWHmuon02C", "expanded_url": "https://twitter.com/SenatorMenendez/status/1429911334032916486/photo/1", "media_url_https": "https://pbs.twimg.com/media/E9gQuXgXEAQ1_2W.jpg"}], "symbols": [], "hashtags": [{"text": "MesDeLaHispanidad", "indices": [56, 74]}], "user_mentions": []}, "full_text": "\u00a1Me contenta anunciar que nuestra celebraci\u00f3n anual del #MesDeLaHispanidad est\u00e1 de vuelta! Nos vemos el 19 de septiembre en Union City High School. Responde con un comentario a qui\u00e9n te gustar\u00eda ver como nuestro invitado principal.\n\nReserva tu espacio hoy:\nhttps://t.co/Vo9tbKFzz8 https://t.co/AWHmuon02C", "extended_entities": {"media": [{"id": 1429911270459904004, "url": "https://t.co/AWHmuon02C", "type": "photo", "sizes": {"large": {"h": 900, "w": 1600, "resize": "fit"}, "small": {"h": 383, "w": 680, "resize": "fit"}, "thumb": {"h": 150, "w": 150, "resize": "crop"}, "medium": {"h": 675, "w": 1200, "resize": "fit"}}, "id_str": "1429911270459904004", "indices": [281, 304], "media_url": "http://pbs.twimg.com/media/E9gQuXgXEAQ1_2W.jpg", "display_url": "pic.twitter.com/AWHmuon02C", "expanded_url": "https://twitter.com/SenatorMenendez/status/1429911334032916486/photo/1", "media_url_https": "https://pbs.twimg.com/media/E9gQuXgXEAQ1_2W.jpg"}]}, "display_text_range": [0, 280]}, "favorite_count": 0, "is_quote_status": false, "display_text_range": [0, 140], "possibly_sensitive": false, "in_reply_to_user_id": null, "in_reply_to_status_id": null, "in_reply_to_screen_name": null, "in_reply_to_user_id_str": null, "in_reply_to_status_id_str": null}