{"id": 1420011305679966211, "geo": null, "lang": "es", "text": "RT @SFRCdems: Orgulloso de ver al @SecBlinken encabezar la creciente coalici\u00f3n internacional en apoyo al pueblo cubano en su lucha por la d\u2026", "user": {"id": 18695134, "url": "http://menendez.senate.gov", "lang": null, "name": "Senator Bob Menendez", "id_str": "18695134", "location": "New Jersey, USA", "verified": true, "following": null, "protected": false, "time_zone": null, "created_at": "Tue Jan 06 21:01:12 +0000 2009", "utc_offset": null, "description": "U.S. Senator from New Jersey. @SFRCdems Chairman \ud83c\uddfa\ud83c\uddf8 Loving husband to Nadine. Proud father of Alicia & Rob. Proud grandfather of Evangelina, Ofelia & Olivia.", "geo_enabled": true, "screen_name": "SenatorMenendez", "listed_count": 3885, "friends_count": 1034, "is_translator": false, "notifications": null, "statuses_count": 15881, "default_profile": false, "followers_count": 200379, "translator_type": "none", "favourites_count": 3131, "profile_image_url": "http://pbs.twimg.com/profile_images/1398374383027200008/3VfiQM9u_normal.jpg", "profile_banner_url": "https://pbs.twimg.com/profile_banners/18695134/1545829307", "profile_link_color": "3283D1", "profile_text_color": "663B12", "follow_request_sent": null, "contributors_enabled": false, "default_profile_image": false, "withheld_in_countries": [], "profile_background_tile": false, "profile_image_url_https": "https://pbs.twimg.com/profile_images/1398374383027200008/3VfiQM9u_normal.jpg", "profile_background_color": "273447", "profile_sidebar_fill_color": "DAECF4", "profile_background_image_url": "http://abs.twimg.com/images/themes/theme1/bg.png", "profile_sidebar_border_color": "C6E2EE", "profile_use_background_image": true, "profile_background_image_url_https": "https://abs.twimg.com/images/themes/theme1/bg.png"}, "place": null, "id_str": "1420011305679966211", "source": "<a href=\"http://twitter.com/download/iphone\" rel=\"nofollow\">Twitter for iPhone</a>", "entities": {"urls": [], "symbols": [], "hashtags": [], "user_mentions": [{"id": 1363974283156946948, "name": "Senate Foreign Relations Committee", "id_str": "1363974283156946948", "indices": [3, 12], "screen_name": "SFRCdems"}, {"id": 1350150750966603777, "name": "Secretary Antony Blinken", "id_str": "1350150750966603777", "indices": [34, 45], "screen_name": "SecBlinken"}]}, "favorited": false, "retweeted": false, "truncated": false, "created_at": "Tue Jul 27 13:20:52 +0000 2021", "coordinates": null, "quote_count": 0, "reply_count": 0, "contributors": null, "filter_level": "low", "timestamp_ms": "1627392052465", "quoted_status": {"id": 1419625180234764293, "geo": null, "lang": "en", "text": "The U.S. stands with democracies around the world, who are speaking with one voice to condemn mass arrests and dete\u2026 https://t.co/XFBIeHSbgs", "user": {"id": 1350150750966603777, "url": "http://www.state.gov", "lang": null, "name": "Secretary Antony Blinken", "id_str": "1350150750966603777", "location": null, "verified": true, "following": null, "protected": false, "time_zone": null, "created_at": "Fri Jan 15 18:40:52 +0000 2021", "utc_offset": null, "description": "Husband, dad, (very) amateur guitarist, and the 71st Secretary of State serving under the leadership of @POTUS Biden.", "geo_enabled": false, "screen_name": "SecBlinken", "listed_count": 2410, "friends_count": 34, "is_translator": false, "notifications": null, "statuses_count": 1040, "default_profile": true, "followers_count": 757661, "translator_type": "none", "favourites_count": 0, "profile_image_url": "http://pbs.twimg.com/profile_images/1363277550928158722/LzlIxuhQ_normal.jpg", "profile_banner_url": "https://pbs.twimg.com/profile_banners/1350150750966603777/1611678245", "profile_link_color": "1DA1F2", "profile_text_color": "333333", "follow_request_sent": null, "contributors_enabled": false, "default_profile_image": false, "withheld_in_countries": [], "profile_background_tile": false, "profile_image_url_https": "https://pbs.twimg.com/profile_images/1363277550928158722/LzlIxuhQ_normal.jpg", "profile_background_color": "F5F8FA", "profile_sidebar_fill_color": "DDEEF6", "profile_background_image_url": "", "profile_sidebar_border_color": "C0DEED", "profile_use_background_image": true, "profile_background_image_url_https": ""}, "place": null, "id_str": "1419625180234764293", "source": "<a href=\"https://mobile.twitter.com\" rel=\"nofollow\">Twitter Web App</a>", "entities": {"urls": [{"url": "https://t.co/XFBIeHSbgs", "indices": [117, 140], "display_url": "twitter.com/i/web/status/1\u2026", "expanded_url": "https://twitter.com/i/web/status/1419625180234764293"}], "symbols": [], "hashtags": [], "user_mentions": []}, "favorited": false, "retweeted": false, "truncated": true, "created_at": "Mon Jul 26 11:46:32 +0000 2021", "coordinates": null, "quote_count": 251, "reply_count": 958, "contributors": null, "filter_level": "low", "retweet_count": 835, "extended_tweet": {"entities": {"urls": [], "symbols": [], "hashtags": [], "user_mentions": []}, "full_text": "The U.S. stands with democracies around the world, who are speaking with one voice to condemn mass arrests and detentions of protestors in Cuba. We join our partners  in calling on the Cuban government to respect the human rights and fundamental freedoms of all Cubans.", "display_text_range": [0, 269]}, "favorite_count": 3334, "is_quote_status": false, "in_reply_to_user_id": null, "in_reply_to_status_id": null, "in_reply_to_screen_name": null, "in_reply_to_user_id_str": null, "in_reply_to_status_id_str": null}, "retweet_count": 0, "favorite_count": 0, "is_quote_status": true, "quoted_status_id": 1419625180234764293, "retweeted_status": {"id": 1420006662627287048, "geo": null, "lang": "es", "text": "Orgulloso de ver al @SecBlinken encabezar la creciente coalici\u00f3n internacional en apoyo al pueblo cubano en su luch\u2026 https://t.co/1hYse7yiIY", "user": {"id": 1363974283156946948, "url": "https://www.foreign.senate.gov/", "lang": null, "name": "Senate Foreign Relations Committee", "id_str": "1363974283156946948", "location": "Washington, DC", "verified": true, "following": null, "protected": false, "time_zone": null, "created_at": "Mon Feb 22 22:11:52 +0000 2021", "utc_offset": null, "description": "Official account for U.S. Senate Foreign Relations Committee | SFRC\nChairman @SenatorMenendez", "geo_enabled": false, "screen_name": "SFRCdems", "listed_count": 70, "friends_count": 211, "is_translator": false, "notifications": null, "statuses_count": 292, "default_profile": true, "followers_count": 8970, "translator_type": "none", "favourites_count": 10, "profile_image_url": "http://pbs.twimg.com/profile_images/1367574085815971845/WWms4VMb_normal.jpg", "profile_banner_url": "https://pbs.twimg.com/profile_banners/1363974283156946948/1614895221", "profile_link_color": "1DA1F2", "profile_text_color": "333333", "follow_request_sent": null, "contributors_enabled": false, "default_profile_image": false, "withheld_in_countries": [], "profile_background_tile": false, "profile_image_url_https": "https://pbs.twimg.com/profile_images/1367574085815971845/WWms4VMb_normal.jpg", "profile_background_color": "F5F8FA", "profile_sidebar_fill_color": "DDEEF6", "profile_background_image_url": "", "profile_sidebar_border_color": "C0DEED", "profile_use_background_image": true, "profile_background_image_url_https": ""}, "place": null, "id_str": "1420006662627287048", "source": "<a href=\"http://twitter.com/download/iphone\" rel=\"nofollow\">Twitter for iPhone</a>", "entities": {"urls": [{"url": "https://t.co/1hYse7yiIY", "indices": [117, 140], "display_url": "twitter.com/i/web/status/1\u2026", "expanded_url": "https://twitter.com/i/web/status/1420006662627287048"}], "symbols": [], "hashtags": [], "user_mentions": [{"id": 1350150750966603777, "name": "Secretary Antony Blinken", "id_str": "1350150750966603777", "indices": [20, 31], "screen_name": "SecBlinken"}]}, "favorited": false, "retweeted": false, "truncated": true, "created_at": "Tue Jul 27 13:02:25 +0000 2021", "coordinates": null, "quote_count": 1, "reply_count": 0, "contributors": null, "filter_level": "low", "quoted_status": {"id": 1419625180234764293, "geo": null, "lang": "en", "text": "The U.S. stands with democracies around the world, who are speaking with one voice to condemn mass arrests and dete\u2026 https://t.co/XFBIeHSbgs", "user": {"id": 1350150750966603777, "url": "http://www.state.gov", "lang": null, "name": "Secretary Antony Blinken", "id_str": "1350150750966603777", "location": null, "verified": true, "following": null, "protected": false, "time_zone": null, "created_at": "Fri Jan 15 18:40:52 +0000 2021", "utc_offset": null, "description": "Husband, dad, (very) amateur guitarist, and the 71st Secretary of State serving under the leadership of @POTUS Biden.", "geo_enabled": false, "screen_name": "SecBlinken", "listed_count": 2410, "friends_count": 34, "is_translator": false, "notifications": null, "statuses_count": 1040, "default_profile": true, "followers_count": 757661, "translator_type": "none", "favourites_count": 0, "profile_image_url": "http://pbs.twimg.com/profile_images/1363277550928158722/LzlIxuhQ_normal.jpg", "profile_banner_url": "https://pbs.twimg.com/profile_banners/1350150750966603777/1611678245", "profile_link_color": "1DA1F2", "profile_text_color": "333333", "follow_request_sent": null, "contributors_enabled": false, "default_profile_image": false, "withheld_in_countries": [], "profile_background_tile": false, "profile_image_url_https": "https://pbs.twimg.com/profile_images/1363277550928158722/LzlIxuhQ_normal.jpg", "profile_background_color": "F5F8FA", "profile_sidebar_fill_color": "DDEEF6", "profile_background_image_url": "", "profile_sidebar_border_color": "C0DEED", "profile_use_background_image": true, "profile_background_image_url_https": ""}, "place": null, "id_str": "1419625180234764293", "source": "<a href=\"https://mobile.twitter.com\" rel=\"nofollow\">Twitter Web App</a>", "entities": {"urls": [{"url": "https://t.co/XFBIeHSbgs", "indices": [117, 140], "display_url": "twitter.com/i/web/status/1\u2026", "expanded_url": "https://twitter.com/i/web/status/1419625180234764293"}], "symbols": [], "hashtags": [], "user_mentions": []}, "favorited": false, "retweeted": false, "truncated": true, "created_at": "Mon Jul 26 11:46:32 +0000 2021", "coordinates": null, "quote_count": 251, "reply_count": 958, "contributors": null, "filter_level": "low", "retweet_count": 835, "extended_tweet": {"entities": {"urls": [], "symbols": [], "hashtags": [], "user_mentions": []}, "full_text": "The U.S. stands with democracies around the world, who are speaking with one voice to condemn mass arrests and detentions of protestors in Cuba. We join our partners  in calling on the Cuban government to respect the human rights and fundamental freedoms of all Cubans.", "display_text_range": [0, 269]}, "favorite_count": 3334, "is_quote_status": false, "in_reply_to_user_id": null, "in_reply_to_status_id": null, "in_reply_to_screen_name": null, "in_reply_to_user_id_str": null, "in_reply_to_status_id_str": null}, "retweet_count": 8, "extended_tweet": {"entities": {"urls": [], "symbols": [], "hashtags": [], "user_mentions": [{"id": 1350150750966603777, "name": "Secretary Antony Blinken", "id_str": "1350150750966603777", "indices": [20, 31], "screen_name": "SecBlinken"}]}, "full_text": "Orgulloso de ver al @SecBlinken encabezar la creciente coalici\u00f3n internacional en apoyo al pueblo cubano en su lucha por la democracia. El r\u00e9gimen debe entender que enfrentar\u00e1 a\u00fan m\u00e1s consecuencias si insiste en responder con violencia a los gritos del pueblo pidiendo ser libres.", "display_text_range": [0, 280]}, "favorite_count": 8, "is_quote_status": true, "quoted_status_id": 1419625180234764293, "in_reply_to_user_id": null, "quoted_status_id_str": "1419625180234764293", "in_reply_to_status_id": null, "in_reply_to_screen_name": null, "in_reply_to_user_id_str": null, "quoted_status_permalink": {"url": "https://t.co/1jvELH9gt0", "display": "twitter.com/secblinken/sta\u2026", "expanded": "https://twitter.com/secblinken/status/1419625180234764293"}, "in_reply_to_status_id_str": null}, "in_reply_to_user_id": null, "quoted_status_id_str": "1419625180234764293", "in_reply_to_status_id": null, "in_reply_to_screen_name": null, "in_reply_to_user_id_str": null, "quoted_status_permalink": {"url": "https://t.co/1jvELH9gt0", "display": "twitter.com/secblinken/sta\u2026", "expanded": "https://twitter.com/secblinken/status/1419625180234764293"}, "in_reply_to_status_id_str": null}