{"id": 1416420097275699200, "geo": null, "lang": "es", "text": "RT @SFRCdems: In Cuba, singing about freedom makes you an enemy of the state. @Mov_sanisidro\u2019s Luis Manuel MUST be freed.\n\n\u201cNo m\u00e1s mentiras\u2026", "user": {"id": 18695134, "url": "http://menendez.senate.gov", "lang": null, "name": "Senator Bob Menendez", "id_str": "18695134", "location": "New Jersey, USA", "verified": true, "following": null, "protected": false, "time_zone": null, "created_at": "Tue Jan 06 21:01:12 +0000 2009", "utc_offset": null, "description": "U.S. Senator from New Jersey. @SFRCdems Chairman \ud83c\uddfa\ud83c\uddf8 Loving husband to Nadine. Proud father of Alicia & Rob. Proud grandfather of Evangelina, Ofelia & Olivia.", "geo_enabled": true, "screen_name": "SenatorMenendez", "listed_count": 3879, "friends_count": 1033, "is_translator": false, "notifications": null, "statuses_count": 15823, "default_profile": false, "followers_count": 200005, "translator_type": "none", "favourites_count": 3110, "profile_image_url": "http://pbs.twimg.com/profile_images/1398374383027200008/3VfiQM9u_normal.jpg", "profile_banner_url": "https://pbs.twimg.com/profile_banners/18695134/1545829307", "profile_link_color": "3283D1", "profile_text_color": "663B12", "follow_request_sent": null, "contributors_enabled": false, "default_profile_image": false, "withheld_in_countries": [], "profile_background_tile": false, "profile_image_url_https": "https://pbs.twimg.com/profile_images/1398374383027200008/3VfiQM9u_normal.jpg", "profile_background_color": "273447", "profile_sidebar_fill_color": "DAECF4", "profile_background_image_url": "http://abs.twimg.com/images/themes/theme1/bg.png", "profile_sidebar_border_color": "C6E2EE", "profile_use_background_image": true, "profile_background_image_url_https": "https://abs.twimg.com/images/themes/theme1/bg.png"}, "place": null, "id_str": "1416420097275699200", "source": "<a href=\"http://twitter.com/download/iphone\" rel=\"nofollow\">Twitter for iPhone</a>", "entities": {"urls": [], "symbols": [], "hashtags": [], "user_mentions": [{"id": 1363974283156946948, "name": "Senate Foreign Relations Committee", "id_str": "1363974283156946948", "indices": [3, 12], "screen_name": "SFRCdems"}, {"id": 1115807555031318528, "name": "Movimiento San Isidro", "id_str": "1115807555031318528", "indices": [78, 92], "screen_name": "Mov_sanisidro"}]}, "favorited": false, "retweeted": false, "truncated": false, "created_at": "Sat Jul 17 15:30:41 +0000 2021", "coordinates": null, "quote_count": 0, "reply_count": 0, "contributors": null, "filter_level": "low", "timestamp_ms": "1626535841660", "quoted_status": {"id": 1416362092932780032, "geo": null, "lang": "en", "text": "Cuban artist Luis Manuel Otero Alc\u00e1ntara, leader of @Mov_sanisidro and interpreter of \u201cPatria y Vida\u201d, has been imp\u2026 https://t.co/nsH9Kd8f4r", "user": {"id": 765926406622699520, "url": "https://www.hrw.org/americas", "lang": null, "name": "Jos\u00e9 Miguel Vivanco", "id_str": "765926406622699520", "location": null, "verified": true, "following": null, "protected": false, "time_zone": null, "created_at": "Wed Aug 17 15:01:00 +0000 2016", "utc_offset": null, "description": "Executive Director, Americas Division, Human Rights Watch", "geo_enabled": false, "screen_name": "JMVivancoHRW", "listed_count": 732, "friends_count": 932, "is_translator": false, "notifications": null, "statuses_count": 7980, "default_profile": true, "followers_count": 223331, "translator_type": "none", "favourites_count": 6539, "profile_image_url": "http://pbs.twimg.com/profile_images/1343938049177214983/3KxzN7yN_normal.jpg", "profile_banner_url": "https://pbs.twimg.com/profile_banners/765926406622699520/1475879515", "profile_link_color": "1DA1F2", "profile_text_color": "333333", "follow_request_sent": null, "contributors_enabled": false, "default_profile_image": false, "withheld_in_countries": [], "profile_background_tile": false, "profile_image_url_https": "https://pbs.twimg.com/profile_images/1343938049177214983/3KxzN7yN_normal.jpg", "profile_background_color": "F5F8FA", "profile_sidebar_fill_color": "DDEEF6", "profile_background_image_url": "", "profile_sidebar_border_color": "C0DEED", "profile_use_background_image": true, "profile_background_image_url_https": ""}, "place": null, "id_str": "1416362092932780032", "source": "<a href=\"http://twitter.com/download/iphone\" rel=\"nofollow\">Twitter for iPhone</a>", "entities": {"urls": [{"url": "https://t.co/nsH9Kd8f4r", "indices": [117, 140], "display_url": "twitter.com/i/web/status/1\u2026", "expanded_url": "https://twitter.com/i/web/status/1416362092932780032"}], "symbols": [], "hashtags": [], "user_mentions": [{"id": 1115807555031318528, "name": "Movimiento San Isidro", "id_str": "1115807555031318528", "indices": [52, 66], "screen_name": "Mov_sanisidro"}]}, "favorited": false, "retweeted": false, "truncated": true, "created_at": "Sat Jul 17 11:40:12 +0000 2021", "coordinates": null, "quote_count": 16, "reply_count": 4, "contributors": null, "filter_level": "low", "retweet_count": 98, "extended_tweet": {"entities": {"urls": [], "media": [{"id": 1416362087190876162, "url": "https://t.co/G226BGjz1H", "type": "photo", "sizes": {"large": {"h": 1200, "w": 960, "resize": "fit"}, "small": {"h": 680, "w": 544, "resize": "fit"}, "thumb": {"h": 150, "w": 150, "resize": "crop"}, "medium": {"h": 1200, "w": 960, "resize": "fit"}}, "id_str": "1416362087190876162", "indices": [273, 296], "media_url": "http://pbs.twimg.com/media/E6ft0GhX0AITUzW.jpg", "display_url": "pic.twitter.com/G226BGjz1H", "expanded_url": "https://twitter.com/JMVivancoHRW/status/1416362092932780032/photo/1", "media_url_https": "https://pbs.twimg.com/media/E6ft0GhX0AITUzW.jpg"}], "symbols": [], "hashtags": [], "user_mentions": [{"id": 1115807555031318528, "name": "Movimiento San Isidro", "id_str": "1115807555031318528", "indices": [52, 66], "screen_name": "Mov_sanisidro"}]}, "full_text": "Cuban artist Luis Manuel Otero Alc\u00e1ntara, leader of @Mov_sanisidro and interpreter of \u201cPatria y Vida\u201d, has been imprisoned since Sunday.\n\nOfficers told him that they are going to transfer him to the maximum security prison in Guanajay.\n\n We call for his immediate release. https://t.co/G226BGjz1H", "extended_entities": {"media": [{"id": 1416362087190876162, "url": "https://t.co/G226BGjz1H", "type": "photo", "sizes": {"large": {"h": 1200, "w": 960, "resize": "fit"}, "small": {"h": 680, "w": 544, "resize": "fit"}, "thumb": {"h": 150, "w": 150, "resize": "crop"}, "medium": {"h": 1200, "w": 960, "resize": "fit"}}, "id_str": "1416362087190876162", "indices": [273, 296], "media_url": "http://pbs.twimg.com/media/E6ft0GhX0AITUzW.jpg", "display_url": "pic.twitter.com/G226BGjz1H", "expanded_url": "https://twitter.com/JMVivancoHRW/status/1416362092932780032/photo/1", "media_url_https": "https://pbs.twimg.com/media/E6ft0GhX0AITUzW.jpg"}]}, "display_text_range": [0, 272]}, "favorite_count": 157, "is_quote_status": false, "display_text_range": [0, 140], "possibly_sensitive": false, "in_reply_to_user_id": null, "in_reply_to_status_id": null, "in_reply_to_screen_name": null, "in_reply_to_user_id_str": null, "in_reply_to_status_id_str": null}, "retweet_count": 0, "favorite_count": 0, "is_quote_status": true, "quoted_status_id": 1416362092932780032, "retweeted_status": {"id": 1416418930026033152, "geo": null, "lang": "es", "text": "In Cuba, singing about freedom makes you an enemy of the state. @Mov_sanisidro\u2019s Luis Manuel MUST be freed.\n\n\u201cNo m\u00e1\u2026 https://t.co/sLPhwYE7Ni", "user": {"id": 1363974283156946948, "url": "https://www.foreign.senate.gov/", "lang": null, "name": "Senate Foreign Relations Committee", "id_str": "1363974283156946948", "location": "Washington, DC", "verified": true, "following": null, "protected": false, "time_zone": null, "created_at": "Mon Feb 22 22:11:52 +0000 2021", "utc_offset": null, "description": "Official account for U.S. Senate Foreign Relations Committee | SFRC\nChairman @SenatorMenendez", "geo_enabled": false, "screen_name": "SFRCdems", "listed_count": 65, "friends_count": 205, "is_translator": false, "notifications": null, "statuses_count": 264, "default_profile": true, "followers_count": 8641, "translator_type": "none", "favourites_count": 8, "profile_image_url": "http://pbs.twimg.com/profile_images/1367574085815971845/WWms4VMb_normal.jpg", "profile_banner_url": "https://pbs.twimg.com/profile_banners/1363974283156946948/1614895221", "profile_link_color": "1DA1F2", "profile_text_color": "333333", "follow_request_sent": null, "contributors_enabled": false, "default_profile_image": false, "withheld_in_countries": [], "profile_background_tile": false, "profile_image_url_https": "https://pbs.twimg.com/profile_images/1367574085815971845/WWms4VMb_normal.jpg", "profile_background_color": "F5F8FA", "profile_sidebar_fill_color": "DDEEF6", "profile_background_image_url": "", "profile_sidebar_border_color": "C0DEED", "profile_use_background_image": true, "profile_background_image_url_https": ""}, "place": null, "id_str": "1416418930026033152", "source": "<a href=\"http://twitter.com/download/iphone\" rel=\"nofollow\">Twitter for iPhone</a>", "entities": {"urls": [{"url": "https://t.co/sLPhwYE7Ni", "indices": [117, 140], "display_url": "twitter.com/i/web/status/1\u2026", "expanded_url": "https://twitter.com/i/web/status/1416418930026033152"}], "symbols": [], "hashtags": [], "user_mentions": [{"id": 1115807555031318528, "name": "Movimiento San Isidro", "id_str": "1115807555031318528", "indices": [64, 78], "screen_name": "Mov_sanisidro"}]}, "favorited": false, "retweeted": false, "truncated": true, "created_at": "Sat Jul 17 15:26:03 +0000 2021", "coordinates": null, "quote_count": 0, "reply_count": 0, "contributors": null, "filter_level": "low", "quoted_status": {"id": 1416362092932780032, "geo": null, "lang": "en", "text": "Cuban artist Luis Manuel Otero Alc\u00e1ntara, leader of @Mov_sanisidro and interpreter of \u201cPatria y Vida\u201d, has been imp\u2026 https://t.co/nsH9Kd8f4r", "user": {"id": 765926406622699520, "url": "https://www.hrw.org/americas", "lang": null, "name": "Jos\u00e9 Miguel Vivanco", "id_str": "765926406622699520", "location": null, "verified": true, "following": null, "protected": false, "time_zone": null, "created_at": "Wed Aug 17 15:01:00 +0000 2016", "utc_offset": null, "description": "Executive Director, Americas Division, Human Rights Watch", "geo_enabled": false, "screen_name": "JMVivancoHRW", "listed_count": 732, "friends_count": 932, "is_translator": false, "notifications": null, "statuses_count": 7980, "default_profile": true, "followers_count": 223331, "translator_type": "none", "favourites_count": 6539, "profile_image_url": "http://pbs.twimg.com/profile_images/1343938049177214983/3KxzN7yN_normal.jpg", "profile_banner_url": "https://pbs.twimg.com/profile_banners/765926406622699520/1475879515", "profile_link_color": "1DA1F2", "profile_text_color": "333333", "follow_request_sent": null, "contributors_enabled": false, "default_profile_image": false, "withheld_in_countries": [], "profile_background_tile": false, "profile_image_url_https": "https://pbs.twimg.com/profile_images/1343938049177214983/3KxzN7yN_normal.jpg", "profile_background_color": "F5F8FA", "profile_sidebar_fill_color": "DDEEF6", "profile_background_image_url": "", "profile_sidebar_border_color": "C0DEED", "profile_use_background_image": true, "profile_background_image_url_https": ""}, "place": null, "id_str": "1416362092932780032", "source": "<a href=\"http://twitter.com/download/iphone\" rel=\"nofollow\">Twitter for iPhone</a>", "entities": {"urls": [{"url": "https://t.co/nsH9Kd8f4r", "indices": [117, 140], "display_url": "twitter.com/i/web/status/1\u2026", "expanded_url": "https://twitter.com/i/web/status/1416362092932780032"}], "symbols": [], "hashtags": [], "user_mentions": [{"id": 1115807555031318528, "name": "Movimiento San Isidro", "id_str": "1115807555031318528", "indices": [52, 66], "screen_name": "Mov_sanisidro"}]}, "favorited": false, "retweeted": false, "truncated": true, "created_at": "Sat Jul 17 11:40:12 +0000 2021", "coordinates": null, "quote_count": 16, "reply_count": 4, "contributors": null, "filter_level": "low", "retweet_count": 98, "extended_tweet": {"entities": {"urls": [], "media": [{"id": 1416362087190876162, "url": "https://t.co/G226BGjz1H", "type": "photo", "sizes": {"large": {"h": 1200, "w": 960, "resize": "fit"}, "small": {"h": 680, "w": 544, "resize": "fit"}, "thumb": {"h": 150, "w": 150, "resize": "crop"}, "medium": {"h": 1200, "w": 960, "resize": "fit"}}, "id_str": "1416362087190876162", "indices": [273, 296], "media_url": "http://pbs.twimg.com/media/E6ft0GhX0AITUzW.jpg", "display_url": "pic.twitter.com/G226BGjz1H", "expanded_url": "https://twitter.com/JMVivancoHRW/status/1416362092932780032/photo/1", "media_url_https": "https://pbs.twimg.com/media/E6ft0GhX0AITUzW.jpg"}], "symbols": [], "hashtags": [], "user_mentions": [{"id": 1115807555031318528, "name": "Movimiento San Isidro", "id_str": "1115807555031318528", "indices": [52, 66], "screen_name": "Mov_sanisidro"}]}, "full_text": "Cuban artist Luis Manuel Otero Alc\u00e1ntara, leader of @Mov_sanisidro and interpreter of \u201cPatria y Vida\u201d, has been imprisoned since Sunday.\n\nOfficers told him that they are going to transfer him to the maximum security prison in Guanajay.\n\n We call for his immediate release. https://t.co/G226BGjz1H", "extended_entities": {"media": [{"id": 1416362087190876162, "url": "https://t.co/G226BGjz1H", "type": "photo", "sizes": {"large": {"h": 1200, "w": 960, "resize": "fit"}, "small": {"h": 680, "w": 544, "resize": "fit"}, "thumb": {"h": 150, "w": 150, "resize": "crop"}, "medium": {"h": 1200, "w": 960, "resize": "fit"}}, "id_str": "1416362087190876162", "indices": [273, 296], "media_url": "http://pbs.twimg.com/media/E6ft0GhX0AITUzW.jpg", "display_url": "pic.twitter.com/G226BGjz1H", "expanded_url": "https://twitter.com/JMVivancoHRW/status/1416362092932780032/photo/1", "media_url_https": "https://pbs.twimg.com/media/E6ft0GhX0AITUzW.jpg"}]}, "display_text_range": [0, 272]}, "favorite_count": 157, "is_quote_status": false, "display_text_range": [0, 140], "possibly_sensitive": false, "in_reply_to_user_id": null, "in_reply_to_status_id": null, "in_reply_to_screen_name": null, "in_reply_to_user_id_str": null, "in_reply_to_status_id_str": null}, "retweet_count": 6, "extended_tweet": {"entities": {"urls": [], "symbols": [], "hashtags": [], "user_mentions": [{"id": 1115807555031318528, "name": "Movimiento San Isidro", "id_str": "1115807555031318528", "indices": [64, 78], "screen_name": "Mov_sanisidro"}]}, "full_text": "In Cuba, singing about freedom makes you an enemy of the state. @Mov_sanisidro\u2019s Luis Manuel MUST be freed.\n\n\u201cNo m\u00e1s mentiras. Mi pueblo pide libertad, no m\u00e1s doctrinas. Ya no gritemos patria o muerte sino patria y vida. Y empezar a construir lo que so\u00f1amos.\u201d", "display_text_range": [0, 259]}, "favorite_count": 6, "is_quote_status": true, "quoted_status_id": 1416362092932780032, "in_reply_to_user_id": null, "quoted_status_id_str": "1416362092932780032", "in_reply_to_status_id": null, "in_reply_to_screen_name": null, "in_reply_to_user_id_str": null, "quoted_status_permalink": {"url": "https://t.co/VtAn2x2Qbx", "display": "twitter.com/jmvivancohrw/s\u2026", "expanded": "https://twitter.com/jmvivancohrw/status/1416362092932780032"}, "in_reply_to_status_id_str": null}, "in_reply_to_user_id": null, "quoted_status_id_str": "1416362092932780032", "in_reply_to_status_id": null, "in_reply_to_screen_name": null, "in_reply_to_user_id_str": null, "quoted_status_permalink": {"url": "https://t.co/VtAn2x2Qbx", "display": "twitter.com/jmvivancohrw/s\u2026", "expanded": "https://twitter.com/jmvivancohrw/status/1416362092932780032"}, "in_reply_to_status_id_str": null}