{"id": 1385258378058944522, "geo": null, "lang": "es", "text": "RT @DLasAmericas: .@SenatorMenendez: \u201cEspero sinceramente que el r\u00e9gimen de @NicolasMaduro acepte de una vez y por todas la realidad horrip\u2026", "user": {"id": 18695134, "url": "http://menendez.senate.gov", "lang": null, "name": "Senator Bob Menendez", "id_str": "18695134", "location": "New Jersey, USA", "verified": true, "following": null, "protected": false, "time_zone": null, "created_at": "Tue Jan 06 21:01:12 +0000 2009", "utc_offset": null, "description": "U.S. Senator from New Jersey. @SFRCdems Chairman \ud83c\uddfa\ud83c\uddf8 Loving husband to Nadine. Proud father of Alicia & Rob. Proud grandfather of Evangelina, Ofelia & Olivia.", "geo_enabled": true, "screen_name": "SenatorMenendez", "listed_count": 3865, "friends_count": 1028, "is_translator": false, "notifications": null, "statuses_count": 15300, "default_profile": false, "followers_count": 197660, "translator_type": "none", "favourites_count": 2955, "profile_image_url": "http://pbs.twimg.com/profile_images/1276519213268680705/1e_EbuUc_normal.jpg", "profile_banner_url": "https://pbs.twimg.com/profile_banners/18695134/1545829307", "profile_link_color": "3283D1", "profile_text_color": "663B12", "follow_request_sent": null, "contributors_enabled": false, "default_profile_image": false, "withheld_in_countries": [], "profile_background_tile": false, "profile_image_url_https": "https://pbs.twimg.com/profile_images/1276519213268680705/1e_EbuUc_normal.jpg", "profile_background_color": "273447", "profile_sidebar_fill_color": "DAECF4", "profile_background_image_url": "http://abs.twimg.com/images/themes/theme1/bg.png", "profile_sidebar_border_color": "C6E2EE", "profile_use_background_image": true, "profile_background_image_url_https": "https://abs.twimg.com/images/themes/theme1/bg.png"}, "place": null, "id_str": "1385258378058944522", "source": "<a href=\"http://twitter.com/download/iphone\" rel=\"nofollow\">Twitter for iPhone</a>", "entities": {"urls": [], "symbols": [], "hashtags": [], "user_mentions": [{"id": 1000699344, "name": "Diario Las Am\u00e9ricas", "id_str": "1000699344", "indices": [3, 16], "screen_name": "DLasAmericas"}, {"id": 18695134, "name": "Senator Bob Menendez", "id_str": "18695134", "indices": [19, 35], "screen_name": "SenatorMenendez"}, {"id": 1252764865, "name": "Nicol\u00e1s Maduro", "id_str": "1252764865", "indices": [76, 90], "screen_name": "NicolasMaduro"}]}, "favorited": false, "retweeted": false, "truncated": false, "created_at": "Thu Apr 22 15:45:08 +0000 2021", "coordinates": null, "quote_count": 0, "reply_count": 0, "contributors": null, "filter_level": "low", "timestamp_ms": "1619106308842", "retweet_count": 0, "favorite_count": 0, "is_quote_status": false, "retweeted_status": {"id": 1385257083675815937, "geo": null, "lang": "es", "text": ".@SenatorMenendez: \u201cEspero sinceramente que el r\u00e9gimen de @NicolasMaduro acepte de una vez y por todas la realidad\u2026 https://t.co/PMVUetVhxN", "user": {"id": 1000699344, "url": "http://diariolasamericas.com", "lang": null, "name": "Diario Las Am\u00e9ricas", "id_str": "1000699344", "location": "Florida", "verified": true, "following": null, "protected": false, "time_zone": null, "created_at": "Mon Dec 10 02:20:29 +0000 2012", "utc_offset": null, "description": "67 a\u00f1os informando en espa\u00f1ol desde el sur de la Florida. Un diario digital \ud83d\udcbb con edici\u00f3n impresa \ud83d\udcf0", "geo_enabled": true, "screen_name": "DLasAmericas", "listed_count": 1395, "friends_count": 12087, "is_translator": false, "notifications": null, "statuses_count": 661350, "default_profile": false, "followers_count": 176828, "translator_type": "none", "favourites_count": 1162, "profile_image_url": "http://pbs.twimg.com/profile_images/1345174804467503116/fOnnSybD_normal.jpg", "profile_banner_url": "https://pbs.twimg.com/profile_banners/1000699344/1609549639", "profile_link_color": "05429E", "profile_text_color": "333333", "follow_request_sent": null, "contributors_enabled": false, "default_profile_image": false, "withheld_in_countries": [], "profile_background_tile": false, "profile_image_url_https": "https://pbs.twimg.com/profile_images/1345174804467503116/fOnnSybD_normal.jpg", "profile_background_color": "41B8EB", "profile_sidebar_fill_color": "DDEEF6", "profile_background_image_url": "http://abs.twimg.com/images/themes/theme1/bg.png", "profile_sidebar_border_color": "000000", "profile_use_background_image": true, "profile_background_image_url_https": "https://abs.twimg.com/images/themes/theme1/bg.png"}, "place": null, "id_str": "1385257083675815937", "source": "<a href=\"https://about.twitter.com/products/tweetdeck\" rel=\"nofollow\">TweetDeck</a>", "entities": {"urls": [{"url": "https://t.co/PMVUetVhxN", "indices": [116, 139], "display_url": "twitter.com/i/web/status/1\u2026", "expanded_url": "https://twitter.com/i/web/status/1385257083675815937"}], "symbols": [], "hashtags": [], "user_mentions": [{"id": 18695134, "name": "Senator Bob Menendez", "id_str": "18695134", "indices": [1, 17], "screen_name": "SenatorMenendez"}, {"id": 1252764865, "name": "Nicol\u00e1s Maduro", "id_str": "1252764865", "indices": [58, 72], "screen_name": "NicolasMaduro"}]}, "favorited": false, "retweeted": false, "truncated": true, "created_at": "Thu Apr 22 15:40:00 +0000 2021", "coordinates": null, "quote_count": 0, "reply_count": 0, "contributors": null, "filter_level": "low", "retweet_count": 2, "extended_tweet": {"entities": {"urls": [{"url": "https://t.co/Cxz2lqUSVm", "indices": [244, 267], "display_url": "diariolasamericas.com/america-latina\u2026", "expanded_url": "https://www.diariolasamericas.com/america-latina/senador-menendez-espera-que-maduro-acepte-situacion-horripilante-venezuela-n4221305"}], "symbols": [], "hashtags": [], "user_mentions": [{"id": 18695134, "name": "Senator Bob Menendez", "id_str": "18695134", "indices": [1, 17], "screen_name": "SenatorMenendez"}, {"id": 1252764865, "name": "Nicol\u00e1s Maduro", "id_str": "1252764865", "indices": [58, 72], "screen_name": "NicolasMaduro"}]}, "full_text": ".@SenatorMenendez: \u201cEspero sinceramente que el r\u00e9gimen de @NicolasMaduro acepte de una vez y por todas la realidad horripilante que est\u00e1 enfrentando el pueblo venezolano para que finalmente se permita una respuesta humanitaria a\u00fan m\u00e1s amplia\u201d. https://t.co/Cxz2lqUSVm", "display_text_range": [0, 267]}, "favorite_count": 1, "is_quote_status": false, "possibly_sensitive": false, "in_reply_to_user_id": null, "in_reply_to_status_id": null, "in_reply_to_screen_name": null, "in_reply_to_user_id_str": null, "in_reply_to_status_id_str": null}, "in_reply_to_user_id": null, "in_reply_to_status_id": null, "in_reply_to_screen_name": null, "in_reply_to_user_id_str": null, "in_reply_to_status_id_str": null}