{"id": 835164656452976640, "lang": "es", "text": "Silva comparti\u00f3 su historia con el Senado y en la Convenci\u00f3n Dem\u00f3crata, ahora le pedimos que la comparta con el pa\u00eds https://t.co/NAufc0jp9K", "urls": [{"url": "https://t.co/NAufc0jp9K", "expanded_url": "https://m.youtube.com/watch?v=r_OD25lDFac"}], "user": {"id": 17494010}, "id_str": "835164656452976640", "source": "<a href=\"http://twitter.com\" rel=\"nofollow\">Twitter Web Client</a>", "deleted": false, "hashtags": [], "retrieved": "2018-03-29--22-27-49", "created_at": "Fri Feb 24 16:29:05 +0000 2017", "retweet_count": 27, "user_mentions": [], "favorite_count": 61, "legacy_imported": true}