{"id": 647408255405281280, "lang": "es", "text": "La visita del Papa a los EEUU nos inspira a celebrar las ra\u00edces hispanas de nuestro pa\u00eds. Lee m\u00e1s en @Medium: https://t.co/GleToyA0LI", "urls": [{"url": "https://t.co/GleToyA0LI", "expanded_url": "https://medium.com/@SenatorTimKaine/el-papa-francisco-y-el-momento-hispano-en-los-estados-unidos-eb4bc135fc2b"}], "user": {"id": 172858784}, "id_str": "647408255405281280", "source": "<a href=\"http://twitter.com/download/iphone\" rel=\"nofollow\">Twitter for iPhone</a>", "deleted": false, "hashtags": [], "retrieved": "2017-12-01--02-32-09", "created_at": "Fri Sep 25 13:52:11 +0000 2015", "retweet_count": 6, "user_mentions": [{"id": 571202103, "name": "Medium", "screen_name": "Medium"}], "favorite_count": 3, "legacy_imported": true}