{"id": 968159502481551360, "lang": "fr", "text": "RT @SenatCA: La s\u00e9natrice Linda Frum a rencontr\u00e9 des dirigeants politiques, des \u00e9tudiants et des organisations communautaires lors d\u2019une vi\u2026", "urls": [], "user": {"id": 171606833}, "id_str": "968159502481551360", "source": "<a href=\"http://twitter.com/download/iphone\" rel=\"nofollow\">Twitter for iPhone</a>", "deleted": false, "hashtags": [], "retrieved": "2018-11-17--04-49-45", "created_at": "Mon Feb 26 16:23:07 +0000 2018", "retweet_count": 2, "user_mentions": [{"id": 380491526, "name": "Le S\u00e9nat du Canada", "screen_name": "SenatCA"}], "legacy_imported": true, "retweeted_status": {"id": 968159308792909824, "lang": "fr", "text": "La s\u00e9natrice Linda Frum a rencontr\u00e9 des dirigeants politiques, des \u00e9tudiants et des organisations communautaires lo\u2026 https://t.co/NQoPQqnQ3W", "urls": [{"url": "https://t.co/NQoPQqnQ3W", "expanded_url": "https://twitter.com/i/web/status/968159308792909824"}], "user": {"id": 380491526}, "id_str": "968159308792909824", "source": "<a href=\"https://about.twitter.com/products/tweetdeck\" rel=\"nofollow\">TweetDeck</a>", "hashtags": [], "truncated": true, "created_at": "Mon Feb 26 16:22:21 +0000 2018", "retweet_count": 2, "user_mentions": [], "favorite_count": 5}}