{"id": 673510522705219584, "lang": "fr", "text": "RT @senatcarignan: Mes pens\u00e9es en m\u00e9moire des victimes et des familles touch\u00e9es par la trag\u00e9die de #Polytechnique #senca #polican", "urls": [], "user": {"id": 171606833}, "id_str": "673510522705219584", "source": "<a href=\"http://twitter.com/#!/download/ipad\" rel=\"nofollow\">Twitter for iPad</a>", "deleted": false, "hashtags": [{"text": "Polytechnique"}, {"text": "senca"}, {"text": "polican"}], "retrieved": "2017-04-01--11-40-21", "created_at": "Sun Dec 06 14:33:16 +0000 2015", "retweet_count": 1, "user_mentions": [{"id": 252351829, "name": "Claude Carignan", "screen_name": "senatcarignan"}], "legacy_imported": true, "retweeted_status": {"id": 673509936354205696, "lang": "fr", "text": "Mes pens\u00e9es en m\u00e9moire des victimes et des familles touch\u00e9es par la trag\u00e9die de #Polytechnique #senca #polican", "urls": [], "user": {"id": 252351829}, "id_str": "673509936354205696", "source": "<a href=\"http://twitter.com\" rel=\"nofollow\">Twitter Web Client</a>", "hashtags": [{"text": "Polytechnique"}, {"text": "senca"}, {"text": "polican"}], "created_at": "Sun Dec 06 14:30:56 +0000 2015", "retweet_count": 1, "user_mentions": []}}