{"id": 778020904576180225, "lang": "es", "text": "RT @CancilleriaEc: \"Hace 4 a\u00f1os, el Ecuador concedi\u00f3 asilo pol\u00edtico al ciudadano australiano Julian Assange\" @GuillaumeLong #EcuadorEnLaONU\u2026", "urls": [], "user": {"id": 16589206}, "id_str": "778020904576180225", "source": "<a href=\"http://twitter.com\" rel=\"nofollow\">Twitter Web Client</a>", "deleted": false, "hashtags": [{"text": "EcuadorEnLaONU"}], "retrieved": "2017-05-06--10-47-38", "created_at": "Tue Sep 20 00:00:13 +0000 2016", "retweet_count": 161, "user_mentions": [{"id": 210148155, "name": "Canciller\u00eda Ecuador", "screen_name": "CancilleriaEc"}, {"id": 376186166, "name": "Guillaume Long", "screen_name": "GuillaumeLong"}], "legacy_imported": true, "retweeted_status": {"id": 777959714378448900, "lang": "es", "text": "\"Hace 4 a\u00f1os, el Ecuador concedi\u00f3 asilo pol\u00edtico al ciudadano australiano Julian Assange\" @GuillaumeLong\u2026 https://t.co/GskIB0bVRR", "urls": [{"url": "https://t.co/GskIB0bVRR", "expanded_url": "https://twitter.com/i/web/status/777959714378448900"}], "user": {"id": 210148155}, "id_str": "777959714378448900", "source": "<a href=\"http://twitter.com\" rel=\"nofollow\">Twitter Web Client</a>", "hashtags": [], "truncated": true, "created_at": "Mon Sep 19 19:57:04 +0000 2016", "retweet_count": 161, "user_mentions": [{"id": 376186166, "name": "Guillaume Long", "screen_name": "GuillaumeLong"}], "favorite_count": 214}}