{"id": 776842789397168128, "lang": "es", "text": "RT @CancilleriaEc: COMUNICADO OFICIAL| Reciente decisi\u00f3n de Corte de Apelaci\u00f3n sueca sobre la orden de detenci\u00f3n de Julian Assange \u279c https:\u2026", "urls": [], "user": {"id": 16589206}, "id_str": "776842789397168128", "source": "<a href=\"https://about.twitter.com/products/tweetdeck\" rel=\"nofollow\">TweetDeck</a>", "deleted": false, "hashtags": [], "retrieved": "2017-05-06--10-47-38", "created_at": "Fri Sep 16 17:58:48 +0000 2016", "retweet_count": 189, "user_mentions": [{"id": 210148155, "name": "Canciller\u00eda Ecuador", "screen_name": "CancilleriaEc"}], "legacy_imported": true, "retweeted_status": {"id": 776828035513380864, "lang": "es", "text": "COMUNICADO OFICIAL| Reciente decisi\u00f3n de Corte de Apelaci\u00f3n sueca sobre la orden de detenci\u00f3n de Julian Assange \u279c https://t.co/RwqLMaaQMO", "urls": [{"url": "https://t.co/RwqLMaaQMO", "expanded_url": "http://goo.gl/yQOue6"}], "user": {"id": 210148155}, "id_str": "776828035513380864", "source": "<a href=\"http://twitter.com\" rel=\"nofollow\">Twitter Web Client</a>", "hashtags": [], "created_at": "Fri Sep 16 17:00:11 +0000 2016", "retweet_count": 189, "user_mentions": [], "favorite_count": 150}}