{"id": 1621703482574098432, "geo": null, "lang": "pt", "text": "Parece que Alexandre de Moraes n\u00e3o respeita os direitos garantidos na Constitui\u00e7\u00e3o brasileira e, al\u00e9m disso, agora\u2026 https://t.co/mTT435qywb", "user": {"id": 16076032, "url": "https://linktr.ee/glenngreenwald", "lang": null, "name": "Glenn Greenwald", "id_str": "16076032", "location": "GlennGreenwald@gmail.com", "verified": true, "following": null, "protected": false, "time_zone": null, "created_at": "Mon Sep 01 03:13:32 +0000 2008", "utc_offset": null, "description": "Journalist; Author; Host, @SystemUpdate_; Co-Founder: The Intercept, @TheInterceptBr, @abrigo_hope, @FreedomofPress, @ongcriadefavela. Vegan and Animals.", "geo_enabled": false, "screen_name": "ggreenwald", "listed_count": 21699, "friends_count": 979, "is_translator": false, "notifications": null, "verified_type": "blue", "statuses_count": 87597, "default_profile": false, "followers_count": 1989124, "translator_type": "none", "favourites_count": 20048, "profile_image_url": "http://pbs.twimg.com/profile_images/1092582027994509312/cpYWuYI9_normal.jpg", "profile_banner_url": "https://pbs.twimg.com/profile_banners/16076032/1670619705", "profile_link_color": "0084B4", "profile_text_color": "000000", "follow_request_sent": null, "contributors_enabled": false, "default_profile_image": false, "withheld_in_countries": [], "profile_background_tile": false, "profile_image_url_https": "https://pbs.twimg.com/profile_images/1092582027994509312/cpYWuYI9_normal.jpg", "profile_background_color": "C0DEED", "profile_sidebar_fill_color": "000000", "profile_background_image_url": "http://abs.twimg.com/images/themes/theme1/bg.png", "profile_sidebar_border_color": "000000", "profile_use_background_image": false, "profile_background_image_url_https": "https://abs.twimg.com/images/themes/theme1/bg.png"}, "place": null, "id_str": "1621703482574098432", "source": "<a href=\"https://mobile.twitter.com\" rel=\"nofollow\">Twitter Web App</a>", "entities": {"urls": [{"url": "https://t.co/mTT435qywb", "indices": [116, 139], "display_url": "twitter.com/i/web/status/1\u2026", "expanded_url": "https://twitter.com/i/web/status/1621703482574098432"}], "symbols": [], "hashtags": [], "user_mentions": []}, "favorited": false, "retweeted": false, "truncated": true, "created_at": "Sat Feb 04 02:53:34 +0000 2023", "coordinates": null, "quote_count": 0, "reply_count": 0, "contributors": null, "filter_level": "low", "timestamp_ms": "1675479214696", "quoted_status": {"id": 1621675069008224256, "geo": null, "lang": "pt", "text": "INACEIT\u00c1VEL\n\nAlexandre de Moraes mandou a CNN, VEJA E GloboNews quebrarem o sigilo de suas fontes e os entregarem \u00e0\u2026 https://t.co/D1dlNtO2fs", "user": {"id": 97081119, "url": "http://fernandoholiday.com.br", "lang": null, "name": "Fernando Holiday", "id_str": "97081119", "location": "S\u00e3o Paulo, Brasil", "verified": true, "following": null, "protected": false, "time_zone": null, "created_at": "Tue Dec 15 22:58:17 +0000 2009", "utc_offset": null, "description": "\ud83d\udc68\ud83c\udffe\u200d\ud83c\udfeb Professor \u2014- \ud83d\udcdc Historiador (Mackenzie) -\u2014\ud83d\udd8a\ufe0f Vereador de S\u00e3o Paulo", "geo_enabled": true, "screen_name": "FernandoHoliday", "listed_count": 579, "friends_count": 791, "is_translator": false, "notifications": null, "verified_type": "blue", "statuses_count": 16474, "default_profile": false, "followers_count": 453570, "translator_type": "none", "favourites_count": 14617, "profile_image_url": "http://pbs.twimg.com/profile_images/1576717310617915393/AENtXD_P_normal.jpg", "profile_banner_url": "https://pbs.twimg.com/profile_banners/97081119/1664754694", "profile_link_color": "3B3D86", "profile_text_color": "000000", "follow_request_sent": null, "contributors_enabled": false, "default_profile_image": false, "withheld_in_countries": [], "profile_background_tile": false, "profile_image_url_https": "https://pbs.twimg.com/profile_images/1576717310617915393/AENtXD_P_normal.jpg", "profile_background_color": "000000", "profile_sidebar_fill_color": "000000", "profile_background_image_url": "http://abs.twimg.com/images/themes/theme1/bg.png", "profile_sidebar_border_color": "000000", "profile_use_background_image": false, "profile_background_image_url_https": "https://abs.twimg.com/images/themes/theme1/bg.png"}, "place": null, "id_str": "1621675069008224256", "source": "<a href=\"http://twitter.com/download/iphone\" rel=\"nofollow\">Twitter for iPhone</a>", "entities": {"urls": [{"url": "https://t.co/D1dlNtO2fs", "indices": [117, 140], "display_url": "twitter.com/i/web/status/1\u2026", "expanded_url": "https://twitter.com/i/web/status/1621675069008224256"}], "symbols": [], "hashtags": [], "user_mentions": []}, "favorited": false, "retweeted": false, "truncated": true, "created_at": "Sat Feb 04 01:00:40 +0000 2023", "coordinates": null, "quote_count": 64, "reply_count": 816, "contributors": null, "filter_level": "low", "retweet_count": 472, "extended_tweet": {"entities": {"urls": [], "symbols": [], "hashtags": [], "user_mentions": []}, "full_text": "INACEIT\u00c1VEL\n\nAlexandre de Moraes mandou a CNN, VEJA E GloboNews quebrarem o sigilo de suas fontes e os entregarem \u00e0 Suprema Corte.\n\nAlgu\u00e9m avisa o Xand\u00e3o que sigilo da fonte \u00e9 previsto em constitui\u00e7\u00e3o.\n\nConstitui\u00e7\u00e3o essa que deveria ser zelada pelo STF.", "display_text_range": [0, 253]}, "favorite_count": 4220, "is_quote_status": false, "in_reply_to_user_id": null, "in_reply_to_status_id": null, "in_reply_to_screen_name": null, "in_reply_to_user_id_str": null, "in_reply_to_status_id_str": null}, "retweet_count": 0, "extended_tweet": {"entities": {"urls": [], "symbols": [], "hashtags": [], "user_mentions": []}, "full_text": "Parece que Alexandre de Moraes n\u00e3o respeita os direitos garantidos na Constitui\u00e7\u00e3o brasileira e, al\u00e9m disso, agora \u00e9 permitido dizer isso.", "display_text_range": [0, 138]}, "favorite_count": 0, "is_quote_status": true, "quoted_status_id": 1621675069008224256, "in_reply_to_user_id": null, "quoted_status_id_str": "1621675069008224256", "in_reply_to_status_id": null, "in_reply_to_screen_name": null, "in_reply_to_user_id_str": null, "quoted_status_permalink": {"url": "https://t.co/AteBeftYfp", "display": "twitter.com/FernandoHolida\u2026", "expanded": "https://twitter.com/FernandoHoliday/status/1621675069008224256"}, "in_reply_to_status_id_str": null}