{"id": 1196586782684581894, "geo": null, "lang": "pt", "text": "RT @monicabergamo: Deixe de usar crian\u00e7as e pessoas mortas para atingir quem voc\u00ea n\u00e3o gosta, @augustosnunes. N\u00e3o percebe que isso \u00e9 asquero\u2026", "user": {"id": 16076032, "url": "https://t.co/uIEpel7tjt", "lang": null, "name": "Glenn Greenwald", "id_str": "16076032", "entities": {"url": {"urls": [{"url": "https://t.co/uIEpel7tjt", "indices": [0, 23], "display_url": "theintercept.com/staff/glenn-gr\u2026", "expanded_url": "https://theintercept.com/staff/glenn-greenwald/"}]}, "description": {"urls": [{"url": "https://t.co/LVTWZcVseC", "indices": [77, 100], "display_url": "gofundme.com/homeless-peopl\u2026", "expanded_url": "https://www.gofundme.com/homeless-people-animals-together"}]}}, "location": "", "verified": true, "following": true, "protected": false, "time_zone": null, "created_at": "Mon Sep 01 03:13:32 +0000 2008", "utc_offset": null, "description": "Journalist @TheIntercept - author, No Place to Hide - animal fanatic - HOPE (https://t.co/LVTWZcVseC) - IG: glenn.11.greenwald", "followed_by": false, "geo_enabled": false, "screen_name": "ggreenwald", "listed_count": 20829, "can_media_tag": true, "friends_count": 998, "is_translator": false, "notifications": false, "statuses_count": 63614, "default_profile": false, "followers_count": 1402470, "translator_type": "none", "favourites_count": 4952, "profile_image_url": "http://pbs.twimg.com/profile_images/1092582027994509312/cpYWuYI9_normal.jpg", "profile_banner_url": "https://pbs.twimg.com/profile_banners/16076032/1552437882", "profile_link_color": "0084B4", "profile_text_color": "000000", "follow_request_sent": false, "contributors_enabled": false, "has_extended_profile": false, "default_profile_image": false, "is_translation_enabled": false, "profile_background_tile": false, "profile_image_url_https": "https://pbs.twimg.com/profile_images/1092582027994509312/cpYWuYI9_normal.jpg", "profile_background_color": "C0DEED", "profile_sidebar_fill_color": "000000", "profile_background_image_url": "http://abs.twimg.com/images/themes/theme1/bg.png", "profile_sidebar_border_color": "000000", "profile_use_background_image": false, "profile_background_image_url_https": "https://abs.twimg.com/images/themes/theme1/bg.png"}, "place": null, "id_str": "1196586782684581894", "source": "<a href=\"https://mobile.twitter.com\" rel=\"nofollow\">Twitter Web App</a>", "entities": {"urls": [], "symbols": [], "hashtags": [], "user_mentions": [{"id": 58951368, "name": "M\u00f4nica Bergamo", "id_str": "58951368", "indices": [3, 17], "screen_name": "monicabergamo"}, {"id": 50452226, "name": "Augusto Nunes", "id_str": "50452226", "indices": [93, 107], "screen_name": "augustosnunes"}]}, "favorited": false, "retweeted": false, "truncated": false, "created_at": "Tue Nov 19 00:31:35 +0000 2019", "coordinates": null, "contributors": null, "retweet_count": 3538, "favorite_count": 0, "is_quote_status": true, "quoted_status_id": 1196393827491307520, "retweeted_status": {"id": 1196540607554035713, "geo": null, "lang": "pt", "text": "Deixe de usar crian\u00e7as e pessoas mortas para atingir quem voc\u00ea n\u00e3o gosta, @augustosnunes. N\u00e3o percebe que isso \u00e9 as\u2026 https://t.co/pVQwvioX44", "user": {"id": 58951368, "url": null, "lang": null, "name": "M\u00f4nica Bergamo", "id_str": "58951368", "entities": {"description": {"urls": []}}, "location": "S\u00e3o Paulo", "verified": true, "following": false, "protected": false, "time_zone": null, "created_at": "Tue Jul 21 22:55:27 +0000 2009", "utc_offset": null, "description": "jornalista", "followed_by": false, "geo_enabled": false, "screen_name": "monicabergamo", "listed_count": 2462, "can_media_tag": true, "friends_count": 755, "is_translator": false, "notifications": false, "statuses_count": 10256, "default_profile": true, "followers_count": 1372130, "translator_type": "none", "favourites_count": 64, "profile_image_url": "http://pbs.twimg.com/profile_images/1531849026/foto-monica-twitter_normal.jpg", "profile_link_color": "1DA1F2", "profile_text_color": "333333", "follow_request_sent": false, "contributors_enabled": false, "has_extended_profile": false, "default_profile_image": false, "is_translation_enabled": false, "profile_background_tile": false, "profile_image_url_https": "https://pbs.twimg.com/profile_images/1531849026/foto-monica-twitter_normal.jpg", "profile_background_color": "C0DEED", "profile_sidebar_fill_color": "DDEEF6", "profile_background_image_url": "http://abs.twimg.com/images/themes/theme1/bg.png", "profile_sidebar_border_color": "C0DEED", "profile_use_background_image": true, "profile_background_image_url_https": "https://abs.twimg.com/images/themes/theme1/bg.png"}, "place": null, "id_str": "1196540607554035713", "source": "<a href=\"https://mobile.twitter.com\" rel=\"nofollow\">Twitter Web App</a>", "entities": {"urls": [{"url": "https://t.co/pVQwvioX44", "indices": [117, 140], "display_url": "twitter.com/i/web/status/1\u2026", "expanded_url": "https://twitter.com/i/web/status/1196540607554035713"}], "symbols": [], "hashtags": [], "user_mentions": [{"id": 50452226, "name": "Augusto Nunes", "id_str": "50452226", "indices": [74, 88], "screen_name": "augustosnunes"}]}, "favorited": false, "retweeted": false, "truncated": true, "created_at": "Mon Nov 18 21:28:06 +0000 2019", "coordinates": null, "contributors": null, "quoted_status": {"id": 1196393827491307520, "geo": null, "lang": "pt", "text": "A porta-voz @monicabergamo garante: Lula n\u00e3o visitou os t\u00famulos dos parentes mortos durante a temporada na cadeia p\u2026 https://t.co/lYif9CEytF", "user": {"id": 50452226, "url": "https://t.co/xNQrBmD8UI", "lang": null, "name": "Augusto Nunes", "id_str": "50452226", "entities": {"url": {"urls": [{"url": "https://t.co/xNQrBmD8UI", "indices": [0, 23], "display_url": "veja.abril.com.br/blog/augusto-n\u2026", "expanded_url": "http://veja.abril.com.br/blog/augusto-nunes/"}]}, "description": {"urls": [{"url": "https://t.co/LZRkkeiKo8", "indices": [13, 36], "display_url": "VEJA.com", "expanded_url": "http://VEJA.com"}]}}, "location": "Brazil", "verified": false, "following": false, "protected": false, "time_zone": null, "created_at": "Wed Jun 24 21:47:36 +0000 2009", "utc_offset": null, "description": "Colunista de https://t.co/LZRkkeiKo8, comentarista do Jornal da Manh\u00e3 e integrante do Os Pingos nos Is, ambos da Jovem Pan, colunista do R7 e comentarista do Jornal da Record", "followed_by": false, "geo_enabled": true, "screen_name": "augustosnunes", "listed_count": 1605, "can_media_tag": true, "friends_count": 551, "is_translator": false, "notifications": false, "statuses_count": 23654, "default_profile": false, "followers_count": 703631, "translator_type": "none", "favourites_count": 135, "profile_image_url": "http://pbs.twimg.com/profile_images/1502129310/augusto-nunes-300_normal.jpg", "profile_banner_url": "https://pbs.twimg.com/profile_banners/50452226/1353513088", "profile_link_color": "154575", "profile_text_color": "333333", "follow_request_sent": false, "contributors_enabled": false, "has_extended_profile": false, "default_profile_image": false, "is_translation_enabled": false, "profile_background_tile": false, "profile_image_url_https": "https://pbs.twimg.com/profile_images/1502129310/augusto-nunes-300_normal.jpg", "profile_background_color": "FFFFFF", "profile_sidebar_fill_color": "EEEEEE", "profile_background_image_url": "http://abs.twimg.com/images/themes/theme1/bg.png", "profile_sidebar_border_color": "FFFFFF", "profile_use_background_image": true, "profile_background_image_url_https": "https://abs.twimg.com/images/themes/theme1/bg.png"}, "place": null, "id_str": "1196393827491307520", "source": "<a href=\"http://twitter.com/download/iphone\" rel=\"nofollow\">Twitter for iPhone</a>", "entities": {"urls": [{"url": "https://t.co/lYif9CEytF", "indices": [117, 140], "display_url": "twitter.com/i/web/status/1\u2026", "expanded_url": "https://twitter.com/i/web/status/1196393827491307520"}], "symbols": [], "hashtags": [], "user_mentions": [{"id": 58951368, "name": "M\u00f4nica Bergamo", "id_str": "58951368", "indices": [12, 26], "screen_name": "monicabergamo"}]}, "favorited": false, "retweeted": false, "truncated": true, "created_at": "Mon Nov 18 11:44:51 +0000 2019", "coordinates": null, "contributors": null, "retweet_count": 7569, "favorite_count": 38265, "is_quote_status": false, "in_reply_to_user_id": null, "in_reply_to_status_id": null, "in_reply_to_screen_name": null, "in_reply_to_user_id_str": null, "in_reply_to_status_id_str": null}, "retweet_count": 3538, "favorite_count": 26844, "is_quote_status": true, "quoted_status_id": 1196393827491307520, "possibly_sensitive": false, "in_reply_to_user_id": null, "quoted_status_id_str": "1196393827491307520", "in_reply_to_status_id": null, "in_reply_to_screen_name": null, "in_reply_to_user_id_str": null, "in_reply_to_status_id_str": null}, "in_reply_to_user_id": null, "quoted_status_id_str": "1196393827491307520", "in_reply_to_status_id": null, "in_reply_to_screen_name": null, "in_reply_to_user_id_str": null, "in_reply_to_status_id_str": null}