{"id": 1177668427135234050, "geo": null, "lang": "pt", "text": "RT @MidiaNINJA: A cantora @lelleoficial abre o Rock in Rio 2019 com fala da Marielle Franco. #MariellePresente https://t.co/IOgJeoQLcf", "user": {"id": 16076032, "url": "https://t.co/uIEpel7tjt", "lang": null, "name": "Glenn Greenwald", "id_str": "16076032", "entities": {"url": {"urls": [{"url": "https://t.co/uIEpel7tjt", "indices": [0, 23], "display_url": "theintercept.com/staff/glenn-gr\u2026", "expanded_url": "https://theintercept.com/staff/glenn-greenwald/"}]}, "description": {"urls": [{"url": "https://t.co/LVTWZcVseC", "indices": [77, 100], "display_url": "gofundme.com/homeless-peopl\u2026", "expanded_url": "https://www.gofundme.com/homeless-people-animals-together"}]}}, "location": "", "verified": true, "following": true, "protected": false, "time_zone": null, "created_at": "Mon Sep 01 03:13:32 +0000 2008", "utc_offset": null, "description": "Journalist @TheIntercept - author, No Place to Hide - animal fanatic - HOPE (https://t.co/LVTWZcVseC) - IG: glenn.11.greenwald", "geo_enabled": false, "screen_name": "ggreenwald", "listed_count": 20800, "friends_count": 998, "is_translator": false, "notifications": false, "statuses_count": 61103, "default_profile": false, "followers_count": 1359435, "translator_type": "none", "favourites_count": 4256, "profile_image_url": "http://pbs.twimg.com/profile_images/1092582027994509312/cpYWuYI9_normal.jpg", "profile_banner_url": "https://pbs.twimg.com/profile_banners/16076032/1552437882", "profile_link_color": "0084B4", "profile_text_color": "000000", "follow_request_sent": false, "contributors_enabled": false, "has_extended_profile": false, "default_profile_image": false, "is_translation_enabled": false, "profile_background_tile": false, "profile_image_url_https": "https://pbs.twimg.com/profile_images/1092582027994509312/cpYWuYI9_normal.jpg", "profile_background_color": "C0DEED", "profile_sidebar_fill_color": "000000", "profile_background_image_url": "http://abs.twimg.com/images/themes/theme1/bg.png", "profile_sidebar_border_color": "000000", "profile_use_background_image": false, "profile_background_image_url_https": "https://abs.twimg.com/images/themes/theme1/bg.png"}, "place": null, "id_str": "1177668427135234050", "source": "<a href=\"https://mobile.twitter.com\" rel=\"nofollow\">Twitter Web App</a>", "entities": {"urls": [], "media": [{"id": 1177667332149317632, "url": "https://t.co/IOgJeoQLcf", "type": "photo", "sizes": {"large": {"h": 256, "w": 480, "resize": "fit"}, "small": {"h": 256, "w": 480, "resize": "fit"}, "thumb": {"h": 150, "w": 150, "resize": "crop"}, "medium": {"h": 256, "w": 480, "resize": "fit"}}, "id_str": "1177667332149317632", "indices": [111, 134], "media_url": "http://pbs.twimg.com/media/EFfqqkaW4AESn15.jpg", "display_url": "pic.twitter.com/IOgJeoQLcf", "expanded_url": "https://twitter.com/MidiaNINJA/status/1177668290929446916/video/1", "source_user_id": 1540034828, "media_url_https": "https://pbs.twimg.com/media/EFfqqkaW4AESn15.jpg", "source_status_id": 1177668290929446916, "source_user_id_str": "1540034828", "source_status_id_str": "1177668290929446916"}], "symbols": [], "hashtags": [{"text": "MariellePresente", "indices": [93, 110]}], "user_mentions": [{"id": 1540034828, "name": "M\u00eddia NINJA", "id_str": "1540034828", "indices": [3, 14], "screen_name": "MidiaNINJA"}, {"id": 2409276618, "name": "NEGA BRABA", "id_str": "2409276618", "indices": [26, 39], "screen_name": "lelleoficial"}]}, "favorited": false, "retweeted": false, "truncated": false, "created_at": "Fri Sep 27 19:36:47 +0000 2019", "coordinates": null, "contributors": null, "retweet_count": 466, "favorite_count": 0, "is_quote_status": false, "retweeted_status": {"id": 1177668290929446916, "geo": null, "lang": "pt", "text": "A cantora @lelleoficial abre o Rock in Rio 2019 com fala da Marielle Franco. #MariellePresente https://t.co/IOgJeoQLcf", "user": {"id": 1540034828, "url": "https://t.co/I54H6G3eMg", "lang": null, "name": "M\u00eddia NINJA", "id_str": "1540034828", "entities": {"url": {"urls": [{"url": "https://t.co/I54H6G3eMg", "indices": [0, 23], "display_url": "bit.ly/VakinhaBrigada\u2026", "expanded_url": "http://bit.ly/VakinhaBrigadaAmazonia"}]}, "description": {"urls": []}}, "location": "Brasil", "verified": true, "following": false, "protected": false, "time_zone": null, "created_at": "Sun Jun 23 03:26:00 +0000 2013", "utc_offset": null, "description": "Narrativas Independentes, Jornalismo e A\u00e7\u00e3o. Fa\u00e7a parte do mutir\u00e3o de NINJAS que constroem com as pr\u00f3prias m\u00e3os uma outra hist\u00f3ria da comunica\u00e7\u00e3o!", "geo_enabled": true, "screen_name": "MidiaNINJA", "listed_count": 2091, "friends_count": 2255, "is_translator": false, "notifications": false, "statuses_count": 51073, "default_profile": false, "followers_count": 601001, "translator_type": "none", "favourites_count": 4413, "profile_image_url": "http://pbs.twimg.com/profile_images/1032752078148517889/CQ4pLjP6_normal.jpg", "profile_banner_url": "https://pbs.twimg.com/profile_banners/1540034828/1507481619", "profile_link_color": "000000", "profile_text_color": "333333", "follow_request_sent": false, "contributors_enabled": false, "has_extended_profile": false, "default_profile_image": false, "is_translation_enabled": false, "profile_background_tile": false, "profile_image_url_https": "https://pbs.twimg.com/profile_images/1032752078148517889/CQ4pLjP6_normal.jpg", "profile_background_color": "C0DEED", "profile_sidebar_fill_color": "DDEEF6", "profile_background_image_url": "http://abs.twimg.com/images/themes/theme1/bg.png", "profile_sidebar_border_color": "FFFFFF", "profile_use_background_image": true, "profile_background_image_url_https": "https://abs.twimg.com/images/themes/theme1/bg.png"}, "place": null, "id_str": "1177668290929446916", "source": "<a href=\"https://studio.twitter.com\" rel=\"nofollow\">Twitter Media Studio</a>", "entities": {"urls": [], "media": [{"id": 1177667332149317632, "url": "https://t.co/IOgJeoQLcf", "type": "photo", "sizes": {"large": {"h": 256, "w": 480, "resize": "fit"}, "small": {"h": 256, "w": 480, "resize": "fit"}, "thumb": {"h": 150, "w": 150, "resize": "crop"}, "medium": {"h": 256, "w": 480, "resize": "fit"}}, "id_str": "1177667332149317632", "indices": [95, 118], "media_url": "http://pbs.twimg.com/media/EFfqqkaW4AESn15.jpg", "display_url": "pic.twitter.com/IOgJeoQLcf", "expanded_url": "https://twitter.com/MidiaNINJA/status/1177668290929446916/video/1", "media_url_https": "https://pbs.twimg.com/media/EFfqqkaW4AESn15.jpg"}], "symbols": [], "hashtags": [{"text": "MariellePresente", "indices": [77, 94]}], "user_mentions": [{"id": 2409276618, "name": "NEGA BRABA", "id_str": "2409276618", "indices": [10, 23], "screen_name": "lelleoficial"}]}, "favorited": false, "retweeted": false, "truncated": false, "created_at": "Fri Sep 27 19:36:15 +0000 2019", "coordinates": null, "contributors": null, "retweet_count": 466, "favorite_count": 2287, "is_quote_status": false, "extended_entities": {"media": [{"id": 1177667332149317632, "url": "https://t.co/IOgJeoQLcf", "type": "video", "sizes": {"large": {"h": 256, "w": 480, "resize": "fit"}, "small": {"h": 256, "w": 480, "resize": "fit"}, "thumb": {"h": 150, "w": 150, "resize": "crop"}, "medium": {"h": 256, "w": 480, "resize": "fit"}}, "id_str": "1177667332149317632", "indices": [95, 118], "media_url": "http://pbs.twimg.com/media/EFfqqkaW4AESn15.jpg", "video_info": {"variants": [{"url": "https://video.twimg.com/amplify_video/1177667332149317632/vid/480x256/QOa-r5Mtsbp0GM0V.mp4?tag=13", "bitrate": 288000, "content_type": "video/mp4"}, {"url": "https://video.twimg.com/amplify_video/1177667332149317632/pl/QReaZL9NAryoevNG.m3u8?tag=13", "content_type": "application/x-mpegURL"}], "aspect_ratio": [15, 8], "duration_millis": 36277}, "display_url": "pic.twitter.com/IOgJeoQLcf", "expanded_url": "https://twitter.com/MidiaNINJA/status/1177668290929446916/video/1", "media_url_https": "https://pbs.twimg.com/media/EFfqqkaW4AESn15.jpg", "additional_media_info": {"title": "Lelle abre Rock in Rio 2019 com fala de Marielle Franco", "embeddable": true, "description": "O festival Rock in Rio 2019 foi aberto com fala da vereadora assassinada em 2018 no Rio de Janeiro que virou s\u00edmbolo na luta por Direitos Humanos no Brasil", "monetizable": false}}]}, "possibly_sensitive": false, "in_reply_to_user_id": null, "in_reply_to_status_id": null, "in_reply_to_screen_name": null, "in_reply_to_user_id_str": null, "in_reply_to_status_id_str": null}, "extended_entities": {"media": [{"id": 1177667332149317632, "url": "https://t.co/IOgJeoQLcf", "type": "video", "sizes": {"large": {"h": 256, "w": 480, "resize": "fit"}, "small": {"h": 256, "w": 480, "resize": "fit"}, "thumb": {"h": 150, "w": 150, "resize": "crop"}, "medium": {"h": 256, "w": 480, "resize": "fit"}}, "id_str": "1177667332149317632", "indices": [111, 134], "media_url": "http://pbs.twimg.com/media/EFfqqkaW4AESn15.jpg", "video_info": {"variants": [{"url": "https://video.twimg.com/amplify_video/1177667332149317632/vid/480x256/QOa-r5Mtsbp0GM0V.mp4?tag=13", "bitrate": 288000, "content_type": "video/mp4"}, {"url": "https://video.twimg.com/amplify_video/1177667332149317632/pl/QReaZL9NAryoevNG.m3u8?tag=13", "content_type": "application/x-mpegURL"}], "aspect_ratio": [15, 8], "duration_millis": 36277}, "display_url": "pic.twitter.com/IOgJeoQLcf", "expanded_url": "https://twitter.com/MidiaNINJA/status/1177668290929446916/video/1", "source_user_id": 1540034828, "media_url_https": "https://pbs.twimg.com/media/EFfqqkaW4AESn15.jpg", "source_status_id": 1177668290929446916, "source_user_id_str": "1540034828", "source_status_id_str": "1177668290929446916", "additional_media_info": {"title": "Lelle abre Rock in Rio 2019 com fala de Marielle Franco", "embeddable": true, "description": "O festival Rock in Rio 2019 foi aberto com fala da vereadora assassinada em 2018 no Rio de Janeiro que virou s\u00edmbolo na luta por Direitos Humanos no Brasil", "monetizable": false, "source_user": {"id": 1540034828, "url": "https://t.co/I54H6G3eMg", "lang": null, "name": "M\u00eddia NINJA", "id_str": "1540034828", "entities": {"url": {"urls": [{"url": "https://t.co/I54H6G3eMg", "indices": [0, 23], "display_url": "bit.ly/VakinhaBrigada\u2026", "expanded_url": "http://bit.ly/VakinhaBrigadaAmazonia"}]}, "description": {"urls": []}}, "location": "Brasil", "verified": true, "following": false, "protected": false, "time_zone": null, "created_at": "Sun Jun 23 03:26:00 +0000 2013", "utc_offset": null, "description": "Narrativas Independentes, Jornalismo e A\u00e7\u00e3o. Fa\u00e7a parte do mutir\u00e3o de NINJAS que constroem com as pr\u00f3prias m\u00e3os uma outra hist\u00f3ria da comunica\u00e7\u00e3o!", "geo_enabled": true, "screen_name": "MidiaNINJA", "listed_count": 2091, "friends_count": 2255, "is_translator": false, "notifications": false, "statuses_count": 51073, "default_profile": false, "followers_count": 601001, "translator_type": "none", "favourites_count": 4413, "profile_image_url": "http://pbs.twimg.com/profile_images/1032752078148517889/CQ4pLjP6_normal.jpg", "profile_banner_url": "https://pbs.twimg.com/profile_banners/1540034828/1507481619", "profile_link_color": "000000", "profile_text_color": "333333", "follow_request_sent": false, "contributors_enabled": false, "has_extended_profile": false, "default_profile_image": false, "is_translation_enabled": false, "profile_background_tile": false, "profile_image_url_https": "https://pbs.twimg.com/profile_images/1032752078148517889/CQ4pLjP6_normal.jpg", "profile_background_color": "C0DEED", "profile_sidebar_fill_color": "DDEEF6", "profile_background_image_url": "http://abs.twimg.com/images/themes/theme1/bg.png", "profile_sidebar_border_color": "FFFFFF", "profile_use_background_image": true, "profile_background_image_url_https": "https://abs.twimg.com/images/themes/theme1/bg.png"}}}]}, "possibly_sensitive": false, "in_reply_to_user_id": null, "in_reply_to_status_id": null, "in_reply_to_screen_name": null, "in_reply_to_user_id_str": null, "in_reply_to_status_id_str": null}