{"id": 898251589802237952, "lang": "es", "text": "Condeno los ataques terroristas ocurridos en #Barcelona. Mis m\u00e1s sentidos p\u00e9sames est\u00e1n con las v\u00edctimas y sus familias.", "urls": [], "user": {"id": 15745368}, "id_str": "898251589802237952", "source": "<a href=\"http://twitter.com\" rel=\"nofollow\">Twitter Web Client</a>", "deleted": false, "hashtags": [{"text": "Barcelona"}], "retrieved": "2018-11-12--16-19-43", "created_at": "Thu Aug 17 18:34:02 +0000 2017", "retweet_count": 578, "user_mentions": [], "favorite_count": 1436, "legacy_imported": true}