{"id": 921034728790200320, "lang": "fr", "text": "RT @NosCommunes: Auj. le r\u00e9cital du #Carillon de la #TourDeLaPaix de Jonathan Hebert de 12 h \u00e0 12 h 15 rend hommage \u00e0 #GordDownie avec la c\u2026", "urls": [], "user": {"id": 14260960}, "id_str": "921034728790200320", "source": "<a href=\"http://twitter.com\" rel=\"nofollow\">Twitter Web Client</a>", "deleted": false, "hashtags": [{"text": "Carillon"}, {"text": "TourDeLaPaix"}, {"text": "GordDownie"}], "retrieved": "2018-06-03--02-39-06", "created_at": "Thu Oct 19 15:26:05 +0000 2017", "retweet_count": 37, "user_mentions": [{"id": 843855204378443776, "name": "Chambre des communes", "screen_name": "NosCommunes"}], "legacy_imported": true, "retweeted_status": {"id": 921028303422713857, "lang": "fr", "text": "Auj. le r\u00e9cital du #Carillon de la #TourDeLaPaix de Jonathan Hebert de 12 h \u00e0 12 h 15 rend hommage \u00e0 #GordDownie av\u2026 https://t.co/QDxwI3G4ic", "urls": [{"url": "https://t.co/QDxwI3G4ic", "expanded_url": "https://twitter.com/i/web/status/921028303422713857"}], "user": {"id": 843855204378443776}, "id_str": "921028303422713857", "source": "<a href=\"http://www.hootsuite.com\" rel=\"nofollow\">Hootsuite</a>", "hashtags": [{"text": "Carillon"}, {"text": "TourDeLaPaix"}, {"text": "GordDownie"}], "truncated": true, "created_at": "Thu Oct 19 15:00:34 +0000 2017", "retweet_count": 37, "user_mentions": [], "favorite_count": 98}}