{"id": 920766997717311488, "lang": "fr", "text": "J\u2019aime que l\u2019anniversaire de Xav et de mon p\u00e8re tombent le m\u00eame jour. Mon p\u00e8re aurait eu 98 ans. Il aurait \u00e9t\u00e9 fier de ses petits-enfants.", "urls": [], "user": {"id": 14260960}, "id_str": "920766997717311488", "source": "<a href=\"http://twitter.com\" rel=\"nofollow\">Twitter Web Client</a>", "deleted": false, "hashtags": [], "retrieved": "2018-06-03--02-39-06", "created_at": "Wed Oct 18 21:42:13 +0000 2017", "retweet_count": 74, "user_mentions": [], "favorite_count": 725, "legacy_imported": true, "in_reply_to_user_id": 14260960, "in_reply_to_status_id": 920766885901357061, "in_reply_to_screen_name": "JustinTrudeau"}