{"id": 920721277245149184, "lang": "fr", "text": "En cette Journ\u00e9e mondiale de la dignit\u00e9, c\u00e9l\u00e9brons l\u2019importance, la valeur et le potentiel de chaque \u00eatre humain : https://t.co/I5Kgap429G", "urls": [{"url": "https://t.co/I5Kgap429G", "expanded_url": "http://pm.gc.ca/fra/nouvelles/2017/10/18/declaration-du-premier-ministre-loccasion-de-la-journee-mondiale-de-la-dignite"}], "user": {"id": 14260960}, "id_str": "920721277245149184", "source": "<a href=\"http://twitter.com\" rel=\"nofollow\">Twitter Web Client</a>", "deleted": false, "hashtags": [], "retrieved": "2018-06-03--02-39-06", "created_at": "Wed Oct 18 18:40:33 +0000 2017", "retweet_count": 64, "user_mentions": [], "favorite_count": 227, "legacy_imported": true}