{"id": 920677071621419008, "lang": "fr", "text": "Nous c\u00e9l\u00e9brons la Journ\u00e9e de l'affaire \u00ab personne \u00bb et les C\u00e9l\u00e8bres cinq qui ont rendu le pays plus inclusif et \u00e9gal https://t.co/JdduqVnb20", "urls": [{"url": "https://t.co/JdduqVnb20", "expanded_url": "http://pm.gc.ca/fra/nouvelles/2017/10/18/declaration-du-premier-ministre-du-canada-loccasion-de-la-journee-de-laffaire"}], "user": {"id": 14260960}, "id_str": "920677071621419008", "source": "<a href=\"http://twitter.com\" rel=\"nofollow\">Twitter Web Client</a>", "deleted": false, "hashtags": [], "retrieved": "2018-06-03--02-39-07", "created_at": "Wed Oct 18 15:44:53 +0000 2017", "retweet_count": 43, "user_mentions": [], "favorite_count": 164, "legacy_imported": true}