{"id": 910912349174943744, "lang": "fr", "text": "\u00c0 l\u2019instant \u2013 mon discours devant les dirigeants mondiaux \u00e0 l\u2019Assembl\u00e9e g\u00e9n\u00e9rale de l\u2019@ONU_fr. Regardez-le ici : https://t.co/NRYy0B7uu0", "urls": [{"url": "https://t.co/NRYy0B7uu0", "expanded_url": "http://webtv.un.org/live/"}], "user": {"id": 14260960}, "id_str": "910912349174943744", "source": "<a href=\"http://twitter.com\" rel=\"nofollow\">Twitter Web Client</a>", "deleted": false, "hashtags": [], "retrieved": "2018-06-03--02-39-07", "created_at": "Thu Sep 21 17:03:22 +0000 2017", "retweet_count": 65, "user_mentions": [{"id": 259325103, "name": "Nations Unies (ONU)", "screen_name": "ONU_fr"}], "favorite_count": 242, "legacy_imported": true}